{"id":2545,"date":"2015-08-24T09:08:11","date_gmt":"2015-08-24T08:08:11","guid":{"rendered":"http:\/\/www.mfoto.es\/noticias\/?p=2545"},"modified":"2015-08-26T09:25:10","modified_gmt":"2015-08-26T08:25:10","slug":"triplete-de-volkswagen-en-alemania","status":"publish","type":"post","link":"https:\/\/www.mfoto.es\/noticias\/?p=2545","title":{"rendered":"Triplete de Volkswagen en Alemania"},"content":{"rendered":"<p><img loading=\"lazy\" decoding=\"async\" class=\"alignleft\" src=\"https:\/\/www.mfoto.es\/logos\/foto.gif\" alt=\"\" width=\"50\" height=\"36\" \/><\/p>\n<p><strong><a href=\"https:\/\/www.mfoto.es\/fotos\/2015\/013_deutschland\/\">FOTOS ADAC RALLYE DEUTSCHLAND<\/a><\/strong><\/p>\n<div id=\"attachment_2546\" style=\"width: 460px\" class=\"wp-caption alignnone\"><img loading=\"lazy\" decoding=\"async\" aria-describedby=\"caption-attachment-2546\" class=\"wp-image-2546 size-full\" src=\"https:\/\/www.mfoto.es\/noticias\/wp-content\/uploads_2012\/155_ogier_alemania.jpg\" alt=\"155_ogier_alemania\" width=\"450\" height=\"300\" srcset=\"https:\/\/www.mfoto.es\/noticias\/wp-content\/uploads_2012\/155_ogier_alemania.jpg 450w, https:\/\/www.mfoto.es\/noticias\/wp-content\/uploads_2012\/155_ogier_alemania-300x200.jpg 300w\" sizes=\"auto, (max-width: 450px) 100vw, 450px\" \/><p id=\"caption-attachment-2546\" class=\"wp-caption-text\">El equipo Volkswagen en el podio<\/p><\/div>\n<p>El equipo Volkswagen domin\u00f3 en el rallye de casa, entre Sebastien Ogier y Jari-Matti Latvala se repartieron todos los scratchs, salvo uno que fue para Elfyn Evans.<\/p>\n<p>As\u00ed terminaron copando el podio con Ogier primero, Latvala a 23 segundos y Mikkelsen a 1:56.6. Por detr\u00e1s terminaban Sordo y Neuville con los Hyundai i20, ya a m\u00e1s de dos minutos.<\/p>\n<p><em>Clasificaci\u00f3n ADAC Rallye Deutschland 2015:<\/em><br \/>\n1\u00ba Ogier-Ingrassia (VW Polo R WRC) 3:35:49.5<br \/>\n2\u00ba Latvala-Anttila (VW Polo R WRC) +23.0<br \/>\n3\u00ba Mikkelsen-Floene (VW Polo R WRC) +1:56.6<br \/>\n4\u00ba Sordo-Mart\u00ed (Hyundai i20 WRC) +2:09.3<br \/>\n5\u00ba Neuville-Gilsoul (Hyundai i20 WRC) +2:33.8<\/p>\n","protected":false},"excerpt":{"rendered":"<p>FOTOS ADAC RALLYE DEUTSCHLAND El equipo Volkswagen domin\u00f3 en el rallye de casa, entre Sebastien Ogier y Jari-Matti Latvala se repartieron todos los scratchs, salvo uno que fue para Elfyn Evans. As\u00ed terminaron copando el podio con Ogier primero, Latvala a 23 segundos y Mikkelsen a 1:56.6. Por detr\u00e1s terminaban Sordo y Neuville con los [&hellip;]<\/p>\n","protected":false},"author":1,"featured_media":0,"comment_status":"closed","ping_status":"closed","sticky":false,"template":"","format":"standard","meta":{"footnotes":""},"categories":[134,106,109,126,114,87,4,105,25],"tags":[],"class_list":["post-2545","post","type-post","status-publish","format-standard","hentry","category-134","category-alemania","category-latvala","category-mikkelsen","category-neuville","category-ogier","category-rallyes","category-sordo","category-wrc"],"_links":{"self":[{"href":"https:\/\/www.mfoto.es\/noticias\/index.php?rest_route=\/wp\/v2\/posts\/2545","targetHints":{"allow":["GET"]}}],"collection":[{"href":"https:\/\/www.mfoto.es\/noticias\/index.php?rest_route=\/wp\/v2\/posts"}],"about":[{"href":"https:\/\/www.mfoto.es\/noticias\/index.php?rest_route=\/wp\/v2\/types\/post"}],"author":[{"embeddable":true,"href":"https:\/\/www.mfoto.es\/noticias\/index.php?rest_route=\/wp\/v2\/users\/1"}],"replies":[{"embeddable":true,"href":"https:\/\/www.mfoto.es\/noticias\/index.php?rest_route=%2Fwp%2Fv2%2Fcomments&post=2545"}],"version-history":[{"count":12,"href":"https:\/\/www.mfoto.es\/noticias\/index.php?rest_route=\/wp\/v2\/posts\/2545\/revisions"}],"predecessor-version":[{"id":2559,"href":"https:\/\/www.mfoto.es\/noticias\/index.php?rest_route=\/wp\/v2\/posts\/2545\/revisions\/2559"}],"wp:attachment":[{"href":"https:\/\/www.mfoto.es\/noticias\/index.php?rest_route=%2Fwp%2Fv2%2Fmedia&parent=2545"}],"wp:term":[{"taxonomy":"category","embeddable":true,"href":"https:\/\/www.mfoto.es\/noticias\/index.php?rest_route=%2Fwp%2Fv2%2Fcategories&post=2545"},{"taxonomy":"post_tag","embeddable":true,"href":"https:\/\/www.mfoto.es\/noticias\/index.php?rest_route=%2Fwp%2Fv2%2Ftags&post=2545"}],"curies":[{"name":"wp","href":"https:\/\/api.w.org\/{rel}","templated":true}]}}