{"id":2538,"date":"2015-06-17T20:07:18","date_gmt":"2015-06-17T19:07:18","guid":{"rendered":"http:\/\/www.mfoto.es\/noticias\/?p=2538"},"modified":"2015-08-26T09:25:29","modified_gmt":"2015-08-26T08:25:29","slug":"ogier-vuelve-a-ganar-en-cerdena","status":"publish","type":"post","link":"https:\/\/www.mfoto.es\/noticias\/?p=2538","title":{"rendered":"Ogier vuelve a ganar en Cerde\u00f1a"},"content":{"rendered":"<p><img loading=\"lazy\" decoding=\"async\" class=\"alignleft\" src=\"https:\/\/www.mfoto.es\/logos\/foto.gif\" alt=\"\" width=\"50\" height=\"36\" \/><\/p>\n<p><strong><a href=\"https:\/\/www.mfoto.es\/fotos\/2015\/012_sardegna\/\">FOTOS RALLY ITALIA SARDEGNA<\/a><\/strong><\/p>\n<div id=\"attachment_2540\" style=\"width: 460px\" class=\"wp-caption alignnone\"><img loading=\"lazy\" decoding=\"async\" aria-describedby=\"caption-attachment-2540\" class=\"wp-image-2540 size-full\" src=\"https:\/\/www.mfoto.es\/noticias\/wp-content\/uploads_2012\/154_ogier_sardegna.jpg\" alt=\"154_ogier_sardegna\" width=\"450\" height=\"300\" srcset=\"https:\/\/www.mfoto.es\/noticias\/wp-content\/uploads_2012\/154_ogier_sardegna.jpg 450w, https:\/\/www.mfoto.es\/noticias\/wp-content\/uploads_2012\/154_ogier_sardegna-300x200.jpg 300w\" sizes=\"auto, (max-width: 450px) 100vw, 450px\" \/><p id=\"caption-attachment-2540\" class=\"wp-caption-text\">Ogier-Ingrassia<\/p><\/div>\n<p>Sebastien Ogier ganaba el Rally Italia Sardegna, consiguiendo la cuarta victoria de la temporada y sumando los tres puntos extra del Power stage. La segunda posici\u00f3n era para el neozeland\u00e9s Hayden Paddon que estuvo liderando la prueba en la primera etapa con el Hyundai i20 WRC, pero se vi\u00f3 retrasado por un trompo y problemas de cambio, terminando a m\u00e1s de tres minutos de Ogier. La tercera plaza del caj\u00f3n era para el otro Hyundai i20 pilotado por el belga Thierry Neuville a 4:22.5.<\/p>\n<p>Con este resultado Ogier lidera el mundial de rallyes doblando en puntos en la clasificaci\u00f3n al segundo clasificado, el noruego Mads Ostberg.<\/p>\n<p><em>Clasificaci\u00f3n Rally Italia Sardegna 2015:<\/em><br \/>\n1\u00ba Ogier-Ingrassia (Volkswagen Polo R WRC) 4:25:54.3<br \/>\n2\u00ba Paddon-Kennard (Hyundai i20 WRC) +3:05.4<br \/>\n3\u00ba Neuville-Gilsoul (Hyundai i20 WRC) +4:22.5<br \/>\n4\u00ba Evans-Barritt (Ford Fiesta RS WRC) +5:34.8<br \/>\n5\u00ba Ostberg-Andersson (Citro\u00ebn DS3 WRC) +7:50.1<\/p>\n","protected":false},"excerpt":{"rendered":"<p>FOTOS RALLY ITALIA SARDEGNA Sebastien Ogier ganaba el Rally Italia Sardegna, consiguiendo la cuarta victoria de la temporada y sumando los tres puntos extra del Power stage. La segunda posici\u00f3n era para el neozeland\u00e9s Hayden Paddon que estuvo liderando la prueba en la primera etapa con el Hyundai i20 WRC, pero se vi\u00f3 retrasado por [&hellip;]<\/p>\n","protected":false},"author":1,"featured_media":0,"comment_status":"closed","ping_status":"closed","sticky":false,"template":"","format":"standard","meta":{"footnotes":""},"categories":[134,100,114,87,147,4,25],"tags":[],"class_list":["post-2538","post","type-post","status-publish","format-standard","hentry","category-134","category-italia","category-neuville","category-ogier","category-paddon","category-rallyes","category-wrc"],"_links":{"self":[{"href":"https:\/\/www.mfoto.es\/noticias\/index.php?rest_route=\/wp\/v2\/posts\/2538","targetHints":{"allow":["GET"]}}],"collection":[{"href":"https:\/\/www.mfoto.es\/noticias\/index.php?rest_route=\/wp\/v2\/posts"}],"about":[{"href":"https:\/\/www.mfoto.es\/noticias\/index.php?rest_route=\/wp\/v2\/types\/post"}],"author":[{"embeddable":true,"href":"https:\/\/www.mfoto.es\/noticias\/index.php?rest_route=\/wp\/v2\/users\/1"}],"replies":[{"embeddable":true,"href":"https:\/\/www.mfoto.es\/noticias\/index.php?rest_route=%2Fwp%2Fv2%2Fcomments&post=2538"}],"version-history":[{"count":5,"href":"https:\/\/www.mfoto.es\/noticias\/index.php?rest_route=\/wp\/v2\/posts\/2538\/revisions"}],"predecessor-version":[{"id":2560,"href":"https:\/\/www.mfoto.es\/noticias\/index.php?rest_route=\/wp\/v2\/posts\/2538\/revisions\/2560"}],"wp:attachment":[{"href":"https:\/\/www.mfoto.es\/noticias\/index.php?rest_route=%2Fwp%2Fv2%2Fmedia&parent=2538"}],"wp:term":[{"taxonomy":"category","embeddable":true,"href":"https:\/\/www.mfoto.es\/noticias\/index.php?rest_route=%2Fwp%2Fv2%2Fcategories&post=2538"},{"taxonomy":"post_tag","embeddable":true,"href":"https:\/\/www.mfoto.es\/noticias\/index.php?rest_route=%2Fwp%2Fv2%2Ftags&post=2538"}],"curies":[{"name":"wp","href":"https:\/\/api.w.org\/{rel}","templated":true}]}}