{"id":2531,"date":"2015-06-15T18:34:21","date_gmt":"2015-06-15T17:34:21","guid":{"rendered":"http:\/\/www.mfoto.es\/noticias\/?p=2531"},"modified":"2015-06-15T18:38:26","modified_gmt":"2015-06-15T17:38:26","slug":"ivan-ares-consigue-la-victoria-en-el-rallye-de-ourense","status":"publish","type":"post","link":"https:\/\/www.mfoto.es\/noticias\/?p=2531","title":{"rendered":"Iv\u00e1n Ares consigue la victoria en el Rallye de Ourense"},"content":{"rendered":"<p><img loading=\"lazy\" decoding=\"async\" class=\"alignleft\" src=\"https:\/\/www.mfoto.es\/logos\/foto.gif\" alt=\"\" width=\"50\" height=\"36\" \/><\/p>\n<p><strong><a href=\"https:\/\/www.mfoto.es\/fotos\/2015\/011_ourense\/\">FOTOS RALLYE DE OURENSE<\/a><\/strong><\/p>\n<div id=\"attachment_2532\" style=\"width: 460px\" class=\"wp-caption alignnone\"><img loading=\"lazy\" decoding=\"async\" aria-describedby=\"caption-attachment-2532\" class=\"wp-image-2532 size-full\" src=\"https:\/\/www.mfoto.es\/noticias\/wp-content\/uploads_2012\/153_ares_ourense.jpg\" alt=\"153_ares_ourense\" width=\"450\" height=\"300\" srcset=\"https:\/\/www.mfoto.es\/noticias\/wp-content\/uploads_2012\/153_ares_ourense.jpg 450w, https:\/\/www.mfoto.es\/noticias\/wp-content\/uploads_2012\/153_ares_ourense-300x200.jpg 300w\" sizes=\"auto, (max-width: 450px) 100vw, 450px\" \/><p id=\"caption-attachment-2532\" class=\"wp-caption-text\">Ares-Ba\u00f1obre (Porsche 997 GT3)<\/p><\/div>\n<p>Iv\u00e1n Ares y Alvaro Ba\u00f1obre, con un Porsche 997 GT3, consegu\u00edan su primera victoria en una prueba del Campeonato de Espa\u00f1a, en el Rallye de Ourense.<\/p>\n<p>Ares se vi\u00f3 beneficiado por los problemas de Pedro Burgo y Sergio Vallejo en los primeros tramos del s\u00e1bado, que obligaban a Burgo a abandonar y Vallejo perd\u00eda cinco minutos. Pero pesar de la climatolog\u00eda cambiante, Ares supo mantener la ventaja y terminaba en el podio de Ourense como ganador, seguido por Sergio Vallejo con otro Porsche 997 GT3 a 3:45.2, tras una remontada espectacular y por Cristian Garc\u00eda con un Mitsubishi Evo X a 4:08.<\/p>\n<p>El l\u00edder del Campeonato, Miguel Fuster, aparcaba el Porsche, sal\u00eda con un Suzuki Swift S1600 invitado por el equipo Suzuki y le sal\u00eda el d\u00eda redondo terminando primero de la clasificaci\u00f3n de dos ruedas motrices y cuarto de la clasificaci\u00f3n general.<\/p>\n<p>En las copas de promoci\u00f3n, Cristian Garc\u00eda ganaba la Mitsubishi Evo Cup, seguido a distancia por Paniceres que ganaba el Gr.N y la Copa Junior, Fran Cima terminaba primero en la Copa Renault Clio R3T y David Cortes lideraba\u00a0la Copa Suzuki por delante de Adri\u00e1n D\u00edaz y de Alberto Otero.<\/p>\n<p>Esteban Vall\u00edn era el l\u00edder de la categor\u00eda R2 con el Opel Adam y Angela Vilari\u00f1o y Sara Fern\u00e1ndez se llevaban los trofeos de piloto y copiloto femeninos.<\/p>\n<p>En la Dacia Sandero Rallye Cup, tras un problema con el organizador, s\u00f3lo tomaban la salida cuatro veh\u00edculos de los once inscritos inicialmente y el ganador era otra vez el madrile\u00f1o Alberto Monarri.<\/p>\n<p>La pr\u00f3xima prueba puntuable ser\u00e1 el Rallye de Ferrol los d\u00edas 21 y 22 de Agosto.<\/p>\n<p><em>Clasificaci\u00f3n 48 Rallye de Ourense:<\/em><br \/>\n1\u00ba Ares-Ba\u00f1obre (Porsche 997 GT3) 2:22:30.7<br \/>\n2\u00ba Vallejo-Vallejo (Porsche 997 GT3) +3:45.2<br \/>\n3\u00ba Garc\u00eda-Liso (Mitsubishi Evo X) +4:08.0<br \/>\n4\u00ba Fuster-Avi\u00f1\u00f3 (Suzuki Swift S1600) +4:36.1<br \/>\n5\u00ba Hevia-Mercader (Suzuki Swift S1600) +5:06.4<\/p>\n","protected":false},"excerpt":{"rendered":"<p>FOTOS RALLYE DE OURENSE Iv\u00e1n Ares y Alvaro Ba\u00f1obre, con un Porsche 997 GT3, consegu\u00edan su primera victoria en una prueba del Campeonato de Espa\u00f1a, en el Rallye de Ourense. Ares se vi\u00f3 beneficiado por los problemas de Pedro Burgo y Sergio Vallejo en los primeros tramos del s\u00e1bado, que obligaban a Burgo a abandonar [&hellip;]<\/p>\n","protected":false},"author":1,"featured_media":0,"comment_status":"closed","ping_status":"closed","sticky":false,"template":"","format":"standard","meta":{"footnotes":""},"categories":[134,141,144,68,64,146,69,5,4,84],"tags":[],"class_list":["post-2531","post","type-post","status-publish","format-standard","hentry","category-134","category-ares","category-cera","category-fuster","category-galicia","category-garcia","category-hevia","category-nacional","category-rallyes","category-vallejo"],"_links":{"self":[{"href":"https:\/\/www.mfoto.es\/noticias\/index.php?rest_route=\/wp\/v2\/posts\/2531","targetHints":{"allow":["GET"]}}],"collection":[{"href":"https:\/\/www.mfoto.es\/noticias\/index.php?rest_route=\/wp\/v2\/posts"}],"about":[{"href":"https:\/\/www.mfoto.es\/noticias\/index.php?rest_route=\/wp\/v2\/types\/post"}],"author":[{"embeddable":true,"href":"https:\/\/www.mfoto.es\/noticias\/index.php?rest_route=\/wp\/v2\/users\/1"}],"replies":[{"embeddable":true,"href":"https:\/\/www.mfoto.es\/noticias\/index.php?rest_route=%2Fwp%2Fv2%2Fcomments&post=2531"}],"version-history":[{"count":4,"href":"https:\/\/www.mfoto.es\/noticias\/index.php?rest_route=\/wp\/v2\/posts\/2531\/revisions"}],"predecessor-version":[{"id":2536,"href":"https:\/\/www.mfoto.es\/noticias\/index.php?rest_route=\/wp\/v2\/posts\/2531\/revisions\/2536"}],"wp:attachment":[{"href":"https:\/\/www.mfoto.es\/noticias\/index.php?rest_route=%2Fwp%2Fv2%2Fmedia&parent=2531"}],"wp:term":[{"taxonomy":"category","embeddable":true,"href":"https:\/\/www.mfoto.es\/noticias\/index.php?rest_route=%2Fwp%2Fv2%2Fcategories&post=2531"},{"taxonomy":"post_tag","embeddable":true,"href":"https:\/\/www.mfoto.es\/noticias\/index.php?rest_route=%2Fwp%2Fv2%2Ftags&post=2531"}],"curies":[{"name":"wp","href":"https:\/\/api.w.org\/{rel}","templated":true}]}}