{"id":2526,"date":"2015-06-10T15:56:52","date_gmt":"2015-06-10T14:56:52","guid":{"rendered":"http:\/\/www.mfoto.es\/noticias\/?p=2526"},"modified":"2015-06-10T19:09:01","modified_gmt":"2015-06-10T18:09:01","slug":"otra-exitosa-edicion-del-rallye-festival-trasmiera","status":"publish","type":"post","link":"https:\/\/www.mfoto.es\/noticias\/?p=2526","title":{"rendered":"Otra exitosa edici\u00f3n del Rallye Festival Trasmiera"},"content":{"rendered":"<p><img loading=\"lazy\" decoding=\"async\" class=\"alignleft\" src=\"https:\/\/www.mfoto.es\/logos\/foto.gif\" alt=\"\" width=\"50\" height=\"36\" \/><\/p>\n<p><strong><a href=\"https:\/\/www.mfoto.es\/fotos\/2015\/010_trasmiera\/\">FOTOS RALLYE FESTIVAL TRASMIERA<\/a><\/strong><\/p>\n<div id=\"attachment_2527\" style=\"width: 460px\" class=\"wp-caption alignnone\"><img loading=\"lazy\" decoding=\"async\" aria-describedby=\"caption-attachment-2527\" class=\"wp-image-2527 size-full\" src=\"https:\/\/www.mfoto.es\/noticias\/wp-content\/uploads_2012\/152_quattro_trasmiera.jpg\" alt=\"152_quattro_trasmiera\" width=\"450\" height=\"300\" srcset=\"https:\/\/www.mfoto.es\/noticias\/wp-content\/uploads_2012\/152_quattro_trasmiera.jpg 450w, https:\/\/www.mfoto.es\/noticias\/wp-content\/uploads_2012\/152_quattro_trasmiera-300x200.jpg 300w\" sizes=\"auto, (max-width: 450px) 100vw, 450px\" \/><p id=\"caption-attachment-2527\" class=\"wp-caption-text\">El Audi Quattro S1 en el Rallye Festival Trasmiera<\/p><\/div>\n<p>Un a\u00f1o m\u00e1s hemos podido disfrutar de otra edici\u00f3n del Rallye Festival Trasmiera, celebrado en Cantabria y con la localidad Hoznayo como centro de operaciones.<\/p>\n<p>La lista de inscritos ha sido impresionante, contando con numerosos veh\u00edculos hist\u00f3ricos de competici\u00f3n de los Grupos A y B y con pilotos Campeones de Espa\u00f1a de Rallyes como los hermanos Vallejo a bordo de un BMW M3 Gr.A y el Campe\u00f3n de Espa\u00f1a de Hist\u00f3ricos, el gallego Jes\u00fas Ferreiro con su Ford Escort MK I.<\/p>\n<p>La prueba ha recorrido los tramos de rallyes m\u00e1s cl\u00e1sicos de Cantabria, como G\u00fcemes, Las Tetas, Alisas, Llueva, Secadura, Hermosa y la subida a Pe\u00f1a Cabarga.<\/p>\n<p>El Rallye Festival Trasmiera se consolida como una prueba imprescindible en el calendario de cualquier aficionado y ya estamos esperando la edici\u00f3n 2016.<\/p>\n","protected":false},"excerpt":{"rendered":"<p>FOTOS RALLYE FESTIVAL TRASMIERA Un a\u00f1o m\u00e1s hemos podido disfrutar de otra edici\u00f3n del Rallye Festival Trasmiera, celebrado en Cantabria y con la localidad Hoznayo como centro de operaciones. La lista de inscritos ha sido impresionante, contando con numerosos veh\u00edculos hist\u00f3ricos de competici\u00f3n de los Grupos A y B y con pilotos Campeones de Espa\u00f1a [&hellip;]<\/p>\n","protected":false},"author":1,"featured_media":0,"comment_status":"closed","ping_status":"closed","sticky":false,"template":"","format":"standard","meta":{"footnotes":""},"categories":[134,10,16,136,4,84],"tags":[],"class_list":["post-2526","post","type-post","status-publish","format-standard","hentry","category-134","category-cantabria","category-clasicos","category-ferreiro","category-rallyes","category-vallejo"],"_links":{"self":[{"href":"https:\/\/www.mfoto.es\/noticias\/index.php?rest_route=\/wp\/v2\/posts\/2526","targetHints":{"allow":["GET"]}}],"collection":[{"href":"https:\/\/www.mfoto.es\/noticias\/index.php?rest_route=\/wp\/v2\/posts"}],"about":[{"href":"https:\/\/www.mfoto.es\/noticias\/index.php?rest_route=\/wp\/v2\/types\/post"}],"author":[{"embeddable":true,"href":"https:\/\/www.mfoto.es\/noticias\/index.php?rest_route=\/wp\/v2\/users\/1"}],"replies":[{"embeddable":true,"href":"https:\/\/www.mfoto.es\/noticias\/index.php?rest_route=%2Fwp%2Fv2%2Fcomments&post=2526"}],"version-history":[{"count":3,"href":"https:\/\/www.mfoto.es\/noticias\/index.php?rest_route=\/wp\/v2\/posts\/2526\/revisions"}],"predecessor-version":[{"id":2530,"href":"https:\/\/www.mfoto.es\/noticias\/index.php?rest_route=\/wp\/v2\/posts\/2526\/revisions\/2530"}],"wp:attachment":[{"href":"https:\/\/www.mfoto.es\/noticias\/index.php?rest_route=%2Fwp%2Fv2%2Fmedia&parent=2526"}],"wp:term":[{"taxonomy":"category","embeddable":true,"href":"https:\/\/www.mfoto.es\/noticias\/index.php?rest_route=%2Fwp%2Fv2%2Fcategories&post=2526"},{"taxonomy":"post_tag","embeddable":true,"href":"https:\/\/www.mfoto.es\/noticias\/index.php?rest_route=%2Fwp%2Fv2%2Ftags&post=2526"}],"curies":[{"name":"wp","href":"https:\/\/api.w.org\/{rel}","templated":true}]}}