{"id":2521,"date":"2015-06-01T17:17:29","date_gmt":"2015-06-01T16:17:29","guid":{"rendered":"http:\/\/www.mfoto.es\/noticias\/?p=2521"},"modified":"2015-06-01T17:22:12","modified_gmt":"2015-06-01T16:22:12","slug":"fuster-gana-de-nuevo-en-el-rallye-rias-baixas","status":"publish","type":"post","link":"https:\/\/www.mfoto.es\/noticias\/?p=2521","title":{"rendered":"Fuster gana de nuevo en el Rallye R\u00edas Baixas"},"content":{"rendered":"<p><img loading=\"lazy\" decoding=\"async\" class=\"alignleft\" src=\"https:\/\/www.mfoto.es\/logos\/foto.gif\" alt=\"\" width=\"50\" height=\"36\" \/><\/p>\n<p><strong><a href=\"https:\/\/www.mfoto.es\/fotos\/2015\/009_rias_baixas\/\">FOTOS RALLYE R\u00cdAS BAIXAS<\/a><\/strong><\/p>\n<div id=\"attachment_2522\" style=\"width: 460px\" class=\"wp-caption alignnone\"><img loading=\"lazy\" decoding=\"async\" aria-describedby=\"caption-attachment-2522\" class=\"wp-image-2522 size-full\" src=\"https:\/\/www.mfoto.es\/noticias\/wp-content\/uploads_2012\/151_fuster_rias_baixas.jpg\" alt=\"151_fuster_rias_baixas\" width=\"450\" height=\"300\" srcset=\"https:\/\/www.mfoto.es\/noticias\/wp-content\/uploads_2012\/151_fuster_rias_baixas.jpg 450w, https:\/\/www.mfoto.es\/noticias\/wp-content\/uploads_2012\/151_fuster_rias_baixas-300x200.jpg 300w\" sizes=\"auto, (max-width: 450px) 100vw, 450px\" \/><p id=\"caption-attachment-2522\" class=\"wp-caption-text\">Fuster y Avi\u00f1\u00f3 ganaban tambi\u00e9n el Rallye R\u00edas Baixas<\/p><\/div>\n<p>Miguel Fuster ganaba tambi\u00e9n el Rallye R\u00edas Baixas con el Porsche 997 GT3, se distanci\u00f3 a partir del tramo de Fornelos en la ma\u00f1ana del s\u00e1bado y no di\u00f3 opci\u00f3n de acercarse a sus rivales.<\/p>\n<p>Por detr\u00e1s se clasificaron Iv\u00e1n Ares y Sergio Vallejo, ambos con Porsche 997 GT3, tras mantener una bonita lucha y acabar al final separados por s\u00f3lo medio segundo.<\/p>\n<p>El trofeo de Espa\u00f1a de 2 ruedas motrices lo ganaba Berti Hevia, que hab\u00eda venido a sustituir al lesionado Joan Vinyes en el Suzuki Swift S1600, seguido por V\u00edctor Senra, que ganaba la categor\u00eda R2 con el Peugeot 208 a algo m\u00e1s de dos minutos y de Gorka Antxustegi con el otro Suzuki Swift, m\u00e1s retrasado por problemas con un palier.<\/p>\n<p>En las copas de promoci\u00f3n, victoria de Cristian Garc\u00eda en la Mitsubishi Evo Cup, por delante un Jonathan P\u00e9rez que perdi\u00f3 mucho tiempo tras romper un palier y del madrile\u00f1o Juan Filip, la Copa Clio R3T la encabezaba Fran Cima con dos minutos de ventaja sobre el portugu\u00e9s Joao Ribeiro y la Dacia Sandero Rallye Cup la ganaba Alberto Monarri con m\u00e1s de cinco minutos de ventaja sobre Oscar Barroso.<\/p>\n<p>La categor\u00eda Junior era ganada por Roberto Blach con un Ford Fiesta R2 y la categor\u00eda femenina era para Angela Vilari\u00f1o con el Opel Adam R2.<\/p>\n<p>La pr\u00f3xima prueba del campeonato ser\u00e1 el Rallye de Ourense dentro de dos semanas.<\/p>\n<p><em>Clasificaci\u00f3n 51 Rallye R\u00edas Baixas:<\/em><br \/>\n1\u00ba Fuster-Avi\u00f1\u00f3 (Porsche 997 GT3) 1:40:54.3<br \/>\n2\u00ba Ares-Ba\u00f1obre (Porsche 997 GT3) +30.8<br \/>\n3\u00ba Vallejo-Vallejo (Porsche 997 GT3) +31.3<br \/>\n4\u00ba Burgo-Burgo (Porsche 997 GT3) +2:27.5<br \/>\n5\u00ba Garc\u00eda-Liso (Mitsubishi Lancer) +4:32<\/p>\n","protected":false},"excerpt":{"rendered":"<p>FOTOS RALLYE R\u00cdAS BAIXAS Miguel Fuster ganaba tambi\u00e9n el Rallye R\u00edas Baixas con el Porsche 997 GT3, se distanci\u00f3 a partir del tramo de Fornelos en la ma\u00f1ana del s\u00e1bado y no di\u00f3 opci\u00f3n de acercarse a sus rivales. Por detr\u00e1s se clasificaron Iv\u00e1n Ares y Sergio Vallejo, ambos con Porsche 997 GT3, tras mantener [&hellip;]<\/p>\n","protected":false},"author":1,"featured_media":0,"comment_status":"closed","ping_status":"closed","sticky":false,"template":"","format":"standard","meta":{"footnotes":""},"categories":[134,141,144,68,64,4,84],"tags":[],"class_list":["post-2521","post","type-post","status-publish","format-standard","hentry","category-134","category-ares","category-cera","category-fuster","category-galicia","category-rallyes","category-vallejo"],"_links":{"self":[{"href":"https:\/\/www.mfoto.es\/noticias\/index.php?rest_route=\/wp\/v2\/posts\/2521","targetHints":{"allow":["GET"]}}],"collection":[{"href":"https:\/\/www.mfoto.es\/noticias\/index.php?rest_route=\/wp\/v2\/posts"}],"about":[{"href":"https:\/\/www.mfoto.es\/noticias\/index.php?rest_route=\/wp\/v2\/types\/post"}],"author":[{"embeddable":true,"href":"https:\/\/www.mfoto.es\/noticias\/index.php?rest_route=\/wp\/v2\/users\/1"}],"replies":[{"embeddable":true,"href":"https:\/\/www.mfoto.es\/noticias\/index.php?rest_route=%2Fwp%2Fv2%2Fcomments&post=2521"}],"version-history":[{"count":2,"href":"https:\/\/www.mfoto.es\/noticias\/index.php?rest_route=\/wp\/v2\/posts\/2521\/revisions"}],"predecessor-version":[{"id":2524,"href":"https:\/\/www.mfoto.es\/noticias\/index.php?rest_route=\/wp\/v2\/posts\/2521\/revisions\/2524"}],"wp:attachment":[{"href":"https:\/\/www.mfoto.es\/noticias\/index.php?rest_route=%2Fwp%2Fv2%2Fmedia&parent=2521"}],"wp:term":[{"taxonomy":"category","embeddable":true,"href":"https:\/\/www.mfoto.es\/noticias\/index.php?rest_route=%2Fwp%2Fv2%2Fcategories&post=2521"},{"taxonomy":"post_tag","embeddable":true,"href":"https:\/\/www.mfoto.es\/noticias\/index.php?rest_route=%2Fwp%2Fv2%2Ftags&post=2521"}],"curies":[{"name":"wp","href":"https:\/\/api.w.org\/{rel}","templated":true}]}}