{"id":2513,"date":"2015-05-11T11:04:23","date_gmt":"2015-05-11T10:04:23","guid":{"rendered":"http:\/\/www.mfoto.es\/noticias\/?p=2513"},"modified":"2015-06-01T17:18:02","modified_gmt":"2015-06-01T16:18:02","slug":"fuster-se-impone-tambien-en-el-rallye-sierra-morena","status":"publish","type":"post","link":"https:\/\/www.mfoto.es\/noticias\/?p=2513","title":{"rendered":"Fuster se impone tambi\u00e9n en el Rallye Sierra Morena"},"content":{"rendered":"<p><img loading=\"lazy\" decoding=\"async\" class=\"alignleft\" src=\"https:\/\/www.mfoto.es\/logos\/foto.gif\" alt=\"\" width=\"50\" height=\"36\" \/><\/p>\n<p><strong><a href=\"https:\/\/www.mfoto.es\/fotos\/2015\/008_sierra_morena\/\">FOTOS RALLYE SIERRA MORENA<\/a><\/strong><\/p>\n<div id=\"attachment_2514\" style=\"width: 460px\" class=\"wp-caption alignnone\"><img loading=\"lazy\" decoding=\"async\" aria-describedby=\"caption-attachment-2514\" class=\"wp-image-2514 size-full\" src=\"https:\/\/www.mfoto.es\/noticias\/wp-content\/uploads_2012\/150_fuster_sierra_morena.jpg\" alt=\"150_fuster_sierra_morena\" width=\"450\" height=\"300\" srcset=\"https:\/\/www.mfoto.es\/noticias\/wp-content\/uploads_2012\/150_fuster_sierra_morena.jpg 450w, https:\/\/www.mfoto.es\/noticias\/wp-content\/uploads_2012\/150_fuster_sierra_morena-300x200.jpg 300w\" sizes=\"auto, (max-width: 450px) 100vw, 450px\" \/><p id=\"caption-attachment-2514\" class=\"wp-caption-text\">Fuster-Avi\u00f1\u00f3 (Porsche 997 GT3)<\/p><\/div>\n<p>Miguel Fuster y Nacho Avi\u00f1\u00f3 consegu\u00edan una nueva victoria en el Campeonato de Espa\u00f1a de Rallyes, esta vez en el Rallye Sierra Morena, imponi\u00e9ndose en 6 de los 8 tramos cronometrados de la prueba.<\/p>\n<p>Por detr\u00e1s se situaban los equipos gallegos de Iv\u00e1n Ares y \u00c1lvaro Ba\u00f1obre a 26.5 segundos y en tercera posici\u00f3n los hermanos Vallejo a 33.5 segundos, todos con Porsche 997 GT3.<\/p>\n<p>El vencedor en la categor\u00eda de dos ruedas motrices era el asturiano Alberto Hevia, que volv\u00eda a las carreras para sustituir al lesionado Joan Vinyes, y que adelantaba a Gorka Antxustegi tras sufrir \u00e9ste problemas de cambio.<\/p>\n<p>V\u00edctor Senra venc\u00eda en la categor\u00eda R2 con un Peugeot 208 seguido a 11 segundos por Esteban Vall\u00edn con el Opel Adam, en las copas de promoci\u00f3n, Cristian Garc\u00eda ganaba la Mitsubishi Evo Cup, Fernando Rico era primero en la Copa Suzuki Swift y Alberto Monarri se impon\u00eda en la Copa Dacia Sandero y la categor\u00eda auton\u00f3mica la ganaba Jos\u00e9 Antonio Aznar con un Porsche 997 GT3.<\/p>\n<p><em>Clasificaci\u00f3n 33 Rallye Sierra Morena:<\/em><br \/>\n1\u00ba Fuster-Avi\u00f1o (Porsche 997 GT3) 1:35:15.4<br \/>\n2\u00ba Ares-Ba\u00f1obre (Porsche 997 GT3) +26.5<br \/>\n3\u00ba Vallejo-Vallejo (Porsche 997 GT3) +33.5<br \/>\n4\u00ba Burgo-Burgo (Porsche 997 GT3) +1:16.5<br \/>\n5\u00ba Garc\u00eda-Liso (Mitsubishi Evo X) +3:16.8<\/p>\n","protected":false},"excerpt":{"rendered":"<p>FOTOS RALLYE SIERRA MORENA Miguel Fuster y Nacho Avi\u00f1\u00f3 consegu\u00edan una nueva victoria en el Campeonato de Espa\u00f1a de Rallyes, esta vez en el Rallye Sierra Morena, imponi\u00e9ndose en 6 de los 8 tramos cronometrados de la prueba. Por detr\u00e1s se situaban los equipos gallegos de Iv\u00e1n Ares y \u00c1lvaro Ba\u00f1obre a 26.5 segundos y [&hellip;]<\/p>\n","protected":false},"author":1,"featured_media":0,"comment_status":"closed","ping_status":"closed","sticky":false,"template":"","format":"standard","meta":{"footnotes":""},"categories":[134,110,51,141,125,144,68,69,5,4,84],"tags":[],"class_list":["post-2513","post","type-post","status-publish","format-standard","hentry","category-134","category-andalucia","category-antxustegi","category-ares","category-burgo","category-cera","category-fuster","category-hevia","category-nacional","category-rallyes","category-vallejo"],"_links":{"self":[{"href":"https:\/\/www.mfoto.es\/noticias\/index.php?rest_route=\/wp\/v2\/posts\/2513","targetHints":{"allow":["GET"]}}],"collection":[{"href":"https:\/\/www.mfoto.es\/noticias\/index.php?rest_route=\/wp\/v2\/posts"}],"about":[{"href":"https:\/\/www.mfoto.es\/noticias\/index.php?rest_route=\/wp\/v2\/types\/post"}],"author":[{"embeddable":true,"href":"https:\/\/www.mfoto.es\/noticias\/index.php?rest_route=\/wp\/v2\/users\/1"}],"replies":[{"embeddable":true,"href":"https:\/\/www.mfoto.es\/noticias\/index.php?rest_route=%2Fwp%2Fv2%2Fcomments&post=2513"}],"version-history":[{"count":4,"href":"https:\/\/www.mfoto.es\/noticias\/index.php?rest_route=\/wp\/v2\/posts\/2513\/revisions"}],"predecessor-version":[{"id":2519,"href":"https:\/\/www.mfoto.es\/noticias\/index.php?rest_route=\/wp\/v2\/posts\/2513\/revisions\/2519"}],"wp:attachment":[{"href":"https:\/\/www.mfoto.es\/noticias\/index.php?rest_route=%2Fwp%2Fv2%2Fmedia&parent=2513"}],"wp:term":[{"taxonomy":"category","embeddable":true,"href":"https:\/\/www.mfoto.es\/noticias\/index.php?rest_route=%2Fwp%2Fv2%2Fcategories&post=2513"},{"taxonomy":"post_tag","embeddable":true,"href":"https:\/\/www.mfoto.es\/noticias\/index.php?rest_route=%2Fwp%2Fv2%2Ftags&post=2513"}],"curies":[{"name":"wp","href":"https:\/\/api.w.org\/{rel}","templated":true}]}}