{"id":2466,"date":"2015-03-29T18:52:33","date_gmt":"2015-03-29T17:52:33","guid":{"rendered":"http:\/\/www.mfoto.es\/noticias\/?p=2466"},"modified":"2015-06-01T17:19:49","modified_gmt":"2015-06-01T16:19:49","slug":"victoria-de-nani-roma-en-el-rally-circuito-de-navarra","status":"publish","type":"post","link":"https:\/\/www.mfoto.es\/noticias\/?p=2466","title":{"rendered":"Victoria de Nani Roma en el Rally Circuito de Navarra"},"content":{"rendered":"<p><img loading=\"lazy\" decoding=\"async\" class=\"alignleft\" src=\"https:\/\/www.mfoto.es\/logos\/foto.gif\" alt=\"\" width=\"50\" height=\"36\" \/><\/p>\n<p><strong><a href=\"https:\/\/www.mfoto.es\/fotos\/2015\/004_navarra\/\">FOTOS RALLYE DE TIERRA CIRCUITO DE NAVARRA<\/a><\/strong><\/p>\n<div id=\"attachment_2467\" style=\"width: 460px\" class=\"wp-caption alignnone\"><img loading=\"lazy\" decoding=\"async\" aria-describedby=\"caption-attachment-2467\" class=\"wp-image-2467 size-full\" src=\"https:\/\/www.mfoto.es\/noticias\/wp-content\/uploads_2012\/145_roma_navarra.jpg\" alt=\"145_roma_navarra\" width=\"450\" height=\"300\" srcset=\"https:\/\/www.mfoto.es\/noticias\/wp-content\/uploads_2012\/145_roma_navarra.jpg 450w, https:\/\/www.mfoto.es\/noticias\/wp-content\/uploads_2012\/145_roma_navarra-300x200.jpg 300w\" sizes=\"auto, (max-width: 450px) 100vw, 450px\" \/><p id=\"caption-attachment-2467\" class=\"wp-caption-text\">Nani Roma &#8211; Alex Haro \u00a0(Mini Cooper Works)<\/p><\/div>\n<p>Nani Roma y Alex Haro, con el Mini Cooper Works, se hac\u00edan con la victoria de la segunda prueba del nacional de tierra celebrada en Navarra.<\/p>\n<p>La prueba estuvo encabezada por Nil Solans y Miguel Angel Ib\u00e1\u00f1ez, con un Mitsubishi Evo X, hasta el \u00faltimo tramo, donde tuvieron problemas de transmisi\u00f3n y perd\u00edan m\u00e1s de 40 segundos y el liderato, bajando hasta la cuarta plaza final.<\/p>\n<p>La segunda posici\u00f3n era para Alex Villanueva y Oscar S\u00e1nchez, con un Mitsubishi EVO X, a s\u00f3lo 4 segundos de Roma y la tercera para Amador Vidal y Francisco Lema con el VW Polo N1, a 33 segundos.<\/p>\n<p>En el resto de categor\u00edas, Pepe L\u00f3pez ganaba el Trofeo de 2 ruedas motrices con un Peugeot 208 R2 y el argentino Luciano Emanuel Bonomi hacia lo propio en el Trofeo de Gr.N con un Mitsubishi Evo X.<\/p>\n<p>La novedad era la Copa Kobe Motor con los Toyota Aygo, con diez participantes, que terminaba con victoria de Aritz Iriondo y Joseba S\u00e1nchez.<\/p>\n<p><em>Clasificaci\u00f3n I Rally Circuito de Navarra:<\/em><br \/>\n1\u00ba Roma-Haro (Mini Cooper Works) 57:36<br \/>\n2\u00ba Villanueva-S\u00e1nchez (Mitsubishi Evo X) +4<br \/>\n3\u00ba Vidal-Lema (Volkswagen Polo N1) +33<br \/>\n4\u00ba Solans-Ib\u00e1nez (Mitsubishi Evo X) +36<br \/>\n5\u00ba Fuertes-Cu\u00e9 (Mitsubishi Evo X) +37<\/p>\n<p>&nbsp;<\/p>\n","protected":false},"excerpt":{"rendered":"<p>FOTOS RALLYE DE TIERRA CIRCUITO DE NAVARRA Nani Roma y Alex Haro, con el Mini Cooper Works, se hac\u00edan con la victoria de la segunda prueba del nacional de tierra celebrada en Navarra. La prueba estuvo encabezada por Nil Solans y Miguel Angel Ib\u00e1\u00f1ez, con un Mitsubishi Evo X, hasta el \u00faltimo tramo, donde tuvieron [&hellip;]<\/p>\n","protected":false},"author":1,"featured_media":0,"comment_status":"closed","ping_status":"closed","sticky":false,"template":"","format":"standard","meta":{"footnotes":""},"categories":[134,145,5,41,4,137,123,19,138],"tags":[],"class_list":["post-2466","post","type-post","status-publish","format-standard","hentry","category-134","category-cert","category-nacional","category-navarra","category-rallyes","category-roma","category-solans","category-tierra","category-villanueva"],"_links":{"self":[{"href":"https:\/\/www.mfoto.es\/noticias\/index.php?rest_route=\/wp\/v2\/posts\/2466","targetHints":{"allow":["GET"]}}],"collection":[{"href":"https:\/\/www.mfoto.es\/noticias\/index.php?rest_route=\/wp\/v2\/posts"}],"about":[{"href":"https:\/\/www.mfoto.es\/noticias\/index.php?rest_route=\/wp\/v2\/types\/post"}],"author":[{"embeddable":true,"href":"https:\/\/www.mfoto.es\/noticias\/index.php?rest_route=\/wp\/v2\/users\/1"}],"replies":[{"embeddable":true,"href":"https:\/\/www.mfoto.es\/noticias\/index.php?rest_route=%2Fwp%2Fv2%2Fcomments&post=2466"}],"version-history":[{"count":7,"href":"https:\/\/www.mfoto.es\/noticias\/index.php?rest_route=\/wp\/v2\/posts\/2466\/revisions"}],"predecessor-version":[{"id":2479,"href":"https:\/\/www.mfoto.es\/noticias\/index.php?rest_route=\/wp\/v2\/posts\/2466\/revisions\/2479"}],"wp:attachment":[{"href":"https:\/\/www.mfoto.es\/noticias\/index.php?rest_route=%2Fwp%2Fv2%2Fmedia&parent=2466"}],"wp:term":[{"taxonomy":"category","embeddable":true,"href":"https:\/\/www.mfoto.es\/noticias\/index.php?rest_route=%2Fwp%2Fv2%2Fcategories&post=2466"},{"taxonomy":"post_tag","embeddable":true,"href":"https:\/\/www.mfoto.es\/noticias\/index.php?rest_route=%2Fwp%2Fv2%2Ftags&post=2466"}],"curies":[{"name":"wp","href":"https:\/\/api.w.org\/{rel}","templated":true}]}}