{"id":2461,"date":"2015-03-22T19:29:13","date_gmt":"2015-03-22T18:29:13","guid":{"rendered":"http:\/\/www.mfoto.es\/noticias\/?p=2461"},"modified":"2015-04-14T16:23:23","modified_gmt":"2015-04-14T15:23:23","slug":"dani-pena-gana-el-rallye-de-guriezo","status":"publish","type":"post","link":"https:\/\/www.mfoto.es\/noticias\/?p=2461","title":{"rendered":"Dani Pe\u00f1a gana el Rallye de Guriezo"},"content":{"rendered":"<p><img loading=\"lazy\" decoding=\"async\" class=\"alignleft\" src=\"https:\/\/www.mfoto.es\/logos\/foto.gif\" alt=\"\" width=\"50\" height=\"36\" \/><\/p>\n<p><strong><a href=\"https:\/\/www.mfoto.es\/fotos\/2015\/003_guriezo\/\">FOTOS RALLYE DE GURIEZO<\/a><\/strong><\/p>\n<div id=\"attachment_2462\" style=\"width: 460px\" class=\"wp-caption alignnone\"><img loading=\"lazy\" decoding=\"async\" aria-describedby=\"caption-attachment-2462\" class=\"wp-image-2462 size-full\" src=\"https:\/\/www.mfoto.es\/noticias\/wp-content\/uploads_2012\/144_pena_guriezo.jpg\" alt=\"144_pena_guriezo\" width=\"450\" height=\"300\" srcset=\"https:\/\/www.mfoto.es\/noticias\/wp-content\/uploads_2012\/144_pena_guriezo.jpg 450w, https:\/\/www.mfoto.es\/noticias\/wp-content\/uploads_2012\/144_pena_guriezo-300x200.jpg 300w\" sizes=\"auto, (max-width: 450px) 100vw, 450px\" \/><p id=\"caption-attachment-2462\" class=\"wp-caption-text\">Dani Pe\u00f1a &#8211; Ra\u00fal Celis (Citro\u00ebn DS3 R3T)<\/p><\/div>\n<p>El Rallye de Guriezo abr\u00eda la temporada c\u00e1ntabra de rallyes con 56 equipos en la salida, de los que 17 eran de regularidad.<\/p>\n<p>Dani Pe\u00f1a y Ra\u00fal Celis consegu\u00edan la victoria con el Citro\u00ebn DS3, la segunda plaza era para Rub\u00e9n Hoyos y Alexander Guti\u00e9rrez con un Citr\u00f6en Saxo VTS a 21 segundos y la tercera posici\u00f3n para Kike P\u00e9rez y Mar\u00eda Salvador con un BMW M3 a 32 segundos.<\/p>\n<p>En la categor\u00eda de regularidad la victoria fue para Aitor Arandia y Zugaitz Da\u00f1obeitia con un VW Golf GTI.<\/p>\n<p><em>Clasificaci\u00f3n XIV Rallye de Guriezo:<\/em><br \/>\n1\u00ba Pe\u00f1a-Celis (Citro\u00ebn DS3 R3T) 47:23<br \/>\n2\u00ba Hoyos-Guti\u00e9rrez (Citro\u00ebn Saxo VTS) +21<br \/>\n3\u00ba P\u00e9rez-Salvador (BMW M3 E36) +32<br \/>\n4\u00ba Blanco-Mart\u00ednez (Mitsubishi Evo IX) +1:03<br \/>\n5\u00ba Zorrilla-Ruiz (Citro\u00ebn Saxo VTS) +1:25<\/p>\n","protected":false},"excerpt":{"rendered":"<p>FOTOS RALLYE DE GURIEZO El Rallye de Guriezo abr\u00eda la temporada c\u00e1ntabra de rallyes con 56 equipos en la salida, de los que 17 eran de regularidad. Dani Pe\u00f1a y Ra\u00fal Celis consegu\u00edan la victoria con el Citro\u00ebn DS3, la segunda plaza era para Rub\u00e9n Hoyos y Alexander Guti\u00e9rrez con un Citr\u00f6en Saxo VTS a [&hellip;]<\/p>\n","protected":false},"author":1,"featured_media":0,"comment_status":"closed","ping_status":"closed","sticky":false,"template":"","format":"standard","meta":{"footnotes":""},"categories":[134,10,117,4,13],"tags":[],"class_list":["post-2461","post","type-post","status-publish","format-standard","hentry","category-134","category-cantabria","category-pena","category-rallyes","category-regularidad"],"_links":{"self":[{"href":"https:\/\/www.mfoto.es\/noticias\/index.php?rest_route=\/wp\/v2\/posts\/2461","targetHints":{"allow":["GET"]}}],"collection":[{"href":"https:\/\/www.mfoto.es\/noticias\/index.php?rest_route=\/wp\/v2\/posts"}],"about":[{"href":"https:\/\/www.mfoto.es\/noticias\/index.php?rest_route=\/wp\/v2\/types\/post"}],"author":[{"embeddable":true,"href":"https:\/\/www.mfoto.es\/noticias\/index.php?rest_route=\/wp\/v2\/users\/1"}],"replies":[{"embeddable":true,"href":"https:\/\/www.mfoto.es\/noticias\/index.php?rest_route=%2Fwp%2Fv2%2Fcomments&post=2461"}],"version-history":[{"count":4,"href":"https:\/\/www.mfoto.es\/noticias\/index.php?rest_route=\/wp\/v2\/posts\/2461\/revisions"}],"predecessor-version":[{"id":2480,"href":"https:\/\/www.mfoto.es\/noticias\/index.php?rest_route=\/wp\/v2\/posts\/2461\/revisions\/2480"}],"wp:attachment":[{"href":"https:\/\/www.mfoto.es\/noticias\/index.php?rest_route=%2Fwp%2Fv2%2Fmedia&parent=2461"}],"wp:term":[{"taxonomy":"category","embeddable":true,"href":"https:\/\/www.mfoto.es\/noticias\/index.php?rest_route=%2Fwp%2Fv2%2Fcategories&post=2461"},{"taxonomy":"post_tag","embeddable":true,"href":"https:\/\/www.mfoto.es\/noticias\/index.php?rest_route=%2Fwp%2Fv2%2Ftags&post=2461"}],"curies":[{"name":"wp","href":"https:\/\/api.w.org\/{rel}","templated":true}]}}