{"id":2453,"date":"2015-03-11T10:42:08","date_gmt":"2015-03-11T09:42:08","guid":{"rendered":"http:\/\/www.mfoto.es\/noticias\/?p=2453"},"modified":"2015-04-14T16:23:44","modified_gmt":"2015-04-14T15:23:44","slug":"2453","status":"publish","type":"post","link":"https:\/\/www.mfoto.es\/noticias\/?p=2453","title":{"rendered":"Ferreiro gana el 7\u00ba SoloEscort"},"content":{"rendered":"<p><img loading=\"lazy\" decoding=\"async\" class=\"alignleft\" src=\"https:\/\/www.mfoto.es\/logos\/foto.gif\" alt=\"\" width=\"50\" height=\"36\" \/><\/p>\n<p><strong><a href=\"https:\/\/www.mfoto.es\/fotos\/2015\/002_soloescort\/\">FOTOS SOLOESCORT<\/a><\/strong><\/p>\n<div id=\"attachment_2454\" style=\"width: 460px\" class=\"wp-caption alignnone\"><img loading=\"lazy\" decoding=\"async\" aria-describedby=\"caption-attachment-2454\" class=\"wp-image-2454 size-full\" src=\"https:\/\/www.mfoto.es\/noticias\/wp-content\/uploads_2012\/143_ferreiro_soloescort.jpg\" alt=\"143_ferreiro_soloescort\" width=\"450\" height=\"300\" srcset=\"https:\/\/www.mfoto.es\/noticias\/wp-content\/uploads_2012\/143_ferreiro_soloescort.jpg 450w, https:\/\/www.mfoto.es\/noticias\/wp-content\/uploads_2012\/143_ferreiro_soloescort-300x200.jpg 300w\" sizes=\"auto, (max-width: 450px) 100vw, 450px\" \/><p id=\"caption-attachment-2454\" class=\"wp-caption-text\">Jes\u00fas Ferreiro &#8211; Javier Anido (Ford Escort MK I)<\/p><\/div>\n<p>Un a\u00f1o m\u00e1s se celebraba en la localidad asturiana de Cornellana el 7\u00ba Rallye SoloEscort con 35 veh\u00edculos en la salida.<\/p>\n<p>La victoria final era para Jes\u00fas Ferreiro y Javier Anido, seguidos a 13.5 seg. por Pablo L\u00f3pez y Javier Rodr\u00edguez y en tercera posici\u00f3n quedaban Juanjo Ordiales y Jorge Miranda a 57.6 seg.<\/p>\n<p>En la modalidad de regularidad, la victoria era para Juanma Fern\u00e1ndez y Eduardo San Emeterio con 120 puntos, seguidos por Jorge Gorro\u00f1o y Mikel Oleaga con 130 puntos y Ra\u00fal Blanco y Pedro L\u00f3pez con 433 puntos.<\/p>\n<p><em>Clasificaci\u00f3n 7\u00ba SoloEscort Velocidad:<\/em><br \/>\n1\u00ba Ferreiro-Anido &#8211; 37:22.9<br \/>\n2\u00ba L\u00f3pez-Rodr\u00edguez &#8211; +00:13.5<br \/>\n3\u00ba Ordiales-Miranda &#8211; +00:57.6<br \/>\n4\u00ba Alvarez-Bravo &#8211; +01:25.7<br \/>\n5\u00ba Ferradas-Cienguegos &#8211; +02:43.2<\/p>\n<p><em>Clasificaci\u00f3n 7\u00ba SoloEscort Regularidad:<\/em><br \/>\n1\u00ba Fern\u00e1ndez-San Emeterio &#8211; 120 puntos<br \/>\n2\u00ba Gorro\u00f1o-Oleaga &#8211; 130 puntos<br \/>\n3\u00ba Blanco-L\u00f3pez &#8211; 433 puntos<br \/>\n4\u00ba Alvarez-S\u00e1nchez &#8211; 471 puntos<br \/>\n5\u00ba Reketa-Gonz\u00e1lez &#8211; 736 puntos<\/p>\n","protected":false},"excerpt":{"rendered":"<p>FOTOS SOLOESCORT Un a\u00f1o m\u00e1s se celebraba en la localidad asturiana de Cornellana el 7\u00ba Rallye SoloEscort con 35 veh\u00edculos en la salida. La victoria final era para Jes\u00fas Ferreiro y Javier Anido, seguidos a 13.5 seg. por Pablo L\u00f3pez y Javier Rodr\u00edguez y en tercera posici\u00f3n quedaban Juanjo Ordiales y Jorge Miranda a 57.6 [&hellip;]<\/p>\n","protected":false},"author":1,"featured_media":0,"comment_status":"closed","ping_status":"closed","sticky":false,"template":"","format":"standard","meta":{"footnotes":""},"categories":[134,15,16,136,4,13],"tags":[],"class_list":["post-2453","post","type-post","status-publish","format-standard","hentry","category-134","category-asturias","category-clasicos","category-ferreiro","category-rallyes","category-regularidad"],"_links":{"self":[{"href":"https:\/\/www.mfoto.es\/noticias\/index.php?rest_route=\/wp\/v2\/posts\/2453","targetHints":{"allow":["GET"]}}],"collection":[{"href":"https:\/\/www.mfoto.es\/noticias\/index.php?rest_route=\/wp\/v2\/posts"}],"about":[{"href":"https:\/\/www.mfoto.es\/noticias\/index.php?rest_route=\/wp\/v2\/types\/post"}],"author":[{"embeddable":true,"href":"https:\/\/www.mfoto.es\/noticias\/index.php?rest_route=\/wp\/v2\/users\/1"}],"replies":[{"embeddable":true,"href":"https:\/\/www.mfoto.es\/noticias\/index.php?rest_route=%2Fwp%2Fv2%2Fcomments&post=2453"}],"version-history":[{"count":6,"href":"https:\/\/www.mfoto.es\/noticias\/index.php?rest_route=\/wp\/v2\/posts\/2453\/revisions"}],"predecessor-version":[{"id":2481,"href":"https:\/\/www.mfoto.es\/noticias\/index.php?rest_route=\/wp\/v2\/posts\/2453\/revisions\/2481"}],"wp:attachment":[{"href":"https:\/\/www.mfoto.es\/noticias\/index.php?rest_route=%2Fwp%2Fv2%2Fmedia&parent=2453"}],"wp:term":[{"taxonomy":"category","embeddable":true,"href":"https:\/\/www.mfoto.es\/noticias\/index.php?rest_route=%2Fwp%2Fv2%2Fcategories&post=2453"},{"taxonomy":"post_tag","embeddable":true,"href":"https:\/\/www.mfoto.es\/noticias\/index.php?rest_route=%2Fwp%2Fv2%2Ftags&post=2453"}],"curies":[{"name":"wp","href":"https:\/\/api.w.org\/{rel}","templated":true}]}}