{"id":2323,"date":"2014-06-16T22:05:00","date_gmt":"2014-06-16T21:05:00","guid":{"rendered":"http:\/\/www.mfoto.es\/noticias\/?p=2323"},"modified":"2015-04-10T18:27:22","modified_gmt":"2015-04-10T17:27:22","slug":"antxustegi-termina-sexto-en-el-rallye-de-ourense-2","status":"publish","type":"post","link":"https:\/\/www.mfoto.es\/noticias\/?p=2323","title":{"rendered":"Antxustegi termina sexto en el Rallye de Ourense"},"content":{"rendered":"<p><img loading=\"lazy\" decoding=\"async\" class=\"alignleft\" src=\"https:\/\/www.mfoto.es\/logos\/foto.gif\" alt=\"\" width=\"50\" height=\"36\" \/><\/p>\n<p><strong><a href=\"https:\/\/www.mfoto.es\/fotos\/2014\/011_ourense\/\">FOTOS RALLYE DE OURENSE<\/a><\/strong><\/p>\n<p><img loading=\"lazy\" decoding=\"async\" class=\"alignnone size-full wp-image-2313\" src=\"https:\/\/www.mfoto.es\/noticias\/wp-content\/uploads_2012\/120_antxustegi_ourense.jpg\" alt=\"120_antxustegi_ourense\" width=\"450\" height=\"300\" srcset=\"https:\/\/www.mfoto.es\/noticias\/wp-content\/uploads_2012\/120_antxustegi_ourense.jpg 450w, https:\/\/www.mfoto.es\/noticias\/wp-content\/uploads_2012\/120_antxustegi_ourense-300x200.jpg 300w\" sizes=\"auto, (max-width: 450px) 100vw, 450px\" \/><\/p>\n<p>El piloto bizkaino Gorka Antxustegi, con un Suzuki Swift S1600, terminaba en la sexta posici\u00f3n de la clasificaci\u00f3n general en el Rallye de Ourense, celebrado el pasado fin de semana y que era puntuable para el Campeonato de Espa\u00f1a de Rallyes 2014.<\/p>\n<p>La clasificaci\u00f3n para veh\u00edculos de dos ruedas motrices, era dominada por los dos Suzuki Swift del equipo Suzuki Ib\u00e9rica, pilotados por Joan Vinyes y Gorka Antxustegi que terminaban en las primeras posiciones de la categor\u00eda.<\/p>\n<p>La victoria absoluta del 47 Rallye de Ourense \u00abOurense Termal\u00bb era para el alicantino Miguel Fuster, que ganaba la prueba por sexta vez, en esta ocasi\u00f3n con un Ford Fiesta R5.<\/p>\n<p><em>Clasificaci\u00f3n 47 Rallye de Ourense:<\/em><br \/>\n1\u00ba Fuster-Rozada (Ford Fiesta R5) 2:13:36.9<br \/>\n2\u00ba Vallejo-Vallejo (Porsche 911 GT3) +29.7<br \/>\n3\u00ba Burgo-Burgo (Porsche 911 GT3) +4:43.2<br \/>\n4\u00ba Vinyes-Mercader (Suzuki Swift S1600) +4:49.7<br \/>\n5\u00ba Gonz\u00e1lez-Vallejo (Porsche 997 GT3) +6:19.7<br \/>\n<strong>6\u00ba Antxustegi-Iglesias (Suzuki Swift S1600) +6:37.3<\/strong><\/p>\n","protected":false},"excerpt":{"rendered":"<p>FOTOS RALLYE DE OURENSE El piloto bizkaino Gorka Antxustegi, con un Suzuki Swift S1600, terminaba en la sexta posici\u00f3n de la clasificaci\u00f3n general en el Rallye de Ourense, celebrado el pasado fin de semana y que era puntuable para el Campeonato de Espa\u00f1a de Rallyes 2014. La clasificaci\u00f3n para veh\u00edculos de dos ruedas motrices, era [&hellip;]<\/p>\n","protected":false},"author":1,"featured_media":0,"comment_status":"closed","ping_status":"closed","sticky":false,"template":"","format":"standard","meta":{"footnotes":""},"categories":[139,51,68,64,5,4],"tags":[],"class_list":["post-2323","post","type-post","status-publish","format-standard","hentry","category-139","category-antxustegi","category-fuster","category-galicia","category-nacional","category-rallyes"],"_links":{"self":[{"href":"https:\/\/www.mfoto.es\/noticias\/index.php?rest_route=\/wp\/v2\/posts\/2323","targetHints":{"allow":["GET"]}}],"collection":[{"href":"https:\/\/www.mfoto.es\/noticias\/index.php?rest_route=\/wp\/v2\/posts"}],"about":[{"href":"https:\/\/www.mfoto.es\/noticias\/index.php?rest_route=\/wp\/v2\/types\/post"}],"author":[{"embeddable":true,"href":"https:\/\/www.mfoto.es\/noticias\/index.php?rest_route=\/wp\/v2\/users\/1"}],"replies":[{"embeddable":true,"href":"https:\/\/www.mfoto.es\/noticias\/index.php?rest_route=%2Fwp%2Fv2%2Fcomments&post=2323"}],"version-history":[{"count":3,"href":"https:\/\/www.mfoto.es\/noticias\/index.php?rest_route=\/wp\/v2\/posts\/2323\/revisions"}],"predecessor-version":[{"id":2326,"href":"https:\/\/www.mfoto.es\/noticias\/index.php?rest_route=\/wp\/v2\/posts\/2323\/revisions\/2326"}],"wp:attachment":[{"href":"https:\/\/www.mfoto.es\/noticias\/index.php?rest_route=%2Fwp%2Fv2%2Fmedia&parent=2323"}],"wp:term":[{"taxonomy":"category","embeddable":true,"href":"https:\/\/www.mfoto.es\/noticias\/index.php?rest_route=%2Fwp%2Fv2%2Fcategories&post=2323"},{"taxonomy":"post_tag","embeddable":true,"href":"https:\/\/www.mfoto.es\/noticias\/index.php?rest_route=%2Fwp%2Fv2%2Ftags&post=2323"}],"curies":[{"name":"wp","href":"https:\/\/api.w.org\/{rel}","templated":true}]}}