{"id":2312,"date":"2014-06-17T11:09:21","date_gmt":"2014-06-17T10:09:21","guid":{"rendered":"http:\/\/www.mfoto.es\/noticias\/?p=2312"},"modified":"2015-04-10T18:27:04","modified_gmt":"2015-04-10T17:27:04","slug":"victoria-de-fuster-en-ourense-con-el-ford-fiesta-r5","status":"publish","type":"post","link":"https:\/\/www.mfoto.es\/noticias\/?p=2312","title":{"rendered":"Victoria de Fuster en Ourense con el Ford Fiesta R5"},"content":{"rendered":"<p><img loading=\"lazy\" decoding=\"async\" class=\"alignleft\" src=\"https:\/\/www.mfoto.es\/logos\/foto.gif\" alt=\"\" width=\"50\" height=\"36\" \/><\/p>\n<p><strong><a href=\"https:\/\/www.mfoto.es\/fotos\/2014\/011_ourense\/\">FOTOS RALLYE DE OURENSE<\/a><\/strong><\/p>\n<p><img loading=\"lazy\" decoding=\"async\" class=\"alignnone size-full wp-image-2314\" src=\"https:\/\/www.mfoto.es\/noticias\/wp-content\/uploads_2012\/121_fuster_ourense.jpg\" alt=\"121_fuster_ourense\" width=\"450\" height=\"300\" srcset=\"https:\/\/www.mfoto.es\/noticias\/wp-content\/uploads_2012\/121_fuster_ourense.jpg 450w, https:\/\/www.mfoto.es\/noticias\/wp-content\/uploads_2012\/121_fuster_ourense-300x200.jpg 300w\" sizes=\"auto, (max-width: 450px) 100vw, 450px\" \/><\/p>\n<p>Miguel Fuster, esta vez con un Ford Fiesta R5, ganaba por sexta vez el Rallye de Ourense. La prueba comenzaba el viernes con el habitual tramo espect\u00e1culo, del que Pern\u00eda sal\u00eda como l\u00edder con una m\u00ednima ventaja sobre el resto de competidores.<\/p>\n<p>El s\u00e1bado por la ma\u00f1ana, Fuster ganaba todos los tramos y aventajaba a Sergio Vallejo, que hac\u00eda dos trompos con el Porsche 911 GT3, en 46,4 segundos.<\/p>\n<p>En los tramos de la tarde, los mejores tiempos fueron para los hermanos Vallejo, que consegu\u00edan recortar la diferencia con Fuster hasta 15,6 segundos tras pasar por San Pedro de Rocas y viendo que no alcanzaban al Fiesta R5 se relajaban en Luintra y en el tramo espect\u00e1culo que cerraba la prueba y terminaban finalmente a 29,7 segundos de Fuster.<\/p>\n<p>La tercera plaza era para los hermanos Burgo pilotando un Porsche 911 GT3 con el que estuvieron todo el d\u00eda peleando con Vinyes y el Suzuki Swift S1600, para terminar delante por unos escasos 6,4 segundos.<\/p>\n<p>En las copas de promoci\u00f3n, Joan Carchat ganaba la Mitsubishi Evo Cup, Adri\u00e1n D\u00edaz ganaba la Copa Suzuki seguido por Cortes y Rico y la clasificaci\u00f3n junior era para Angel Paniceres con un Ford Fiesta R2.<\/p>\n<p><em>Clasificaci\u00f3n 47 Rallye de Ourense:<\/em><br \/>\n1\u00ba Fuster-Rozada (Ford Fiesta R5) 2:13:36.9<br \/>\n2\u00ba Vallejo-Vallejo (Porsche 911 GT3) +29.7<br \/>\n3\u00ba Burgo-Burgo (Porsche 911 GT3) +4:43.2<br \/>\n4\u00ba Vinyes-Mercader (Suzuki Swift S1600) +4:49.7<br \/>\n5\u00ba Gonz\u00e1lez-Vallejo (Porsche 997 GT3) +6:19.7<\/p>\n","protected":false},"excerpt":{"rendered":"<p>FOTOS RALLYE DE OURENSE Miguel Fuster, esta vez con un Ford Fiesta R5, ganaba por sexta vez el Rallye de Ourense. La prueba comenzaba el viernes con el habitual tramo espect\u00e1culo, del que Pern\u00eda sal\u00eda como l\u00edder con una m\u00ednima ventaja sobre el resto de competidores. El s\u00e1bado por la ma\u00f1ana, Fuster ganaba todos los [&hellip;]<\/p>\n","protected":false},"author":1,"featured_media":0,"comment_status":"closed","ping_status":"closed","sticky":false,"template":"","format":"standard","meta":{"footnotes":""},"categories":[139,125,68,64,5,4,84],"tags":[],"class_list":["post-2312","post","type-post","status-publish","format-standard","hentry","category-139","category-burgo","category-fuster","category-galicia","category-nacional","category-rallyes","category-vallejo"],"_links":{"self":[{"href":"https:\/\/www.mfoto.es\/noticias\/index.php?rest_route=\/wp\/v2\/posts\/2312","targetHints":{"allow":["GET"]}}],"collection":[{"href":"https:\/\/www.mfoto.es\/noticias\/index.php?rest_route=\/wp\/v2\/posts"}],"about":[{"href":"https:\/\/www.mfoto.es\/noticias\/index.php?rest_route=\/wp\/v2\/types\/post"}],"author":[{"embeddable":true,"href":"https:\/\/www.mfoto.es\/noticias\/index.php?rest_route=\/wp\/v2\/users\/1"}],"replies":[{"embeddable":true,"href":"https:\/\/www.mfoto.es\/noticias\/index.php?rest_route=%2Fwp%2Fv2%2Fcomments&post=2312"}],"version-history":[{"count":3,"href":"https:\/\/www.mfoto.es\/noticias\/index.php?rest_route=\/wp\/v2\/posts\/2312\/revisions"}],"predecessor-version":[{"id":2317,"href":"https:\/\/www.mfoto.es\/noticias\/index.php?rest_route=\/wp\/v2\/posts\/2312\/revisions\/2317"}],"wp:attachment":[{"href":"https:\/\/www.mfoto.es\/noticias\/index.php?rest_route=%2Fwp%2Fv2%2Fmedia&parent=2312"}],"wp:term":[{"taxonomy":"category","embeddable":true,"href":"https:\/\/www.mfoto.es\/noticias\/index.php?rest_route=%2Fwp%2Fv2%2Fcategories&post=2312"},{"taxonomy":"post_tag","embeddable":true,"href":"https:\/\/www.mfoto.es\/noticias\/index.php?rest_route=%2Fwp%2Fv2%2Ftags&post=2312"}],"curies":[{"name":"wp","href":"https:\/\/api.w.org\/{rel}","templated":true}]}}