{"id":2306,"date":"2014-06-12T17:10:00","date_gmt":"2014-06-12T16:10:00","guid":{"rendered":"http:\/\/www.mfoto.es\/noticias\/?p=2306"},"modified":"2015-04-10T18:27:40","modified_gmt":"2015-04-10T17:27:40","slug":"antxustegi-participa-este-fin-de-semana-en-el-47-rallye-de-ourense","status":"publish","type":"post","link":"https:\/\/www.mfoto.es\/noticias\/?p=2306","title":{"rendered":"Antxustegi participa este fin de semana en el 47 Rallye de Ourense"},"content":{"rendered":"<p><img loading=\"lazy\" decoding=\"async\" class=\"alignnone size-full wp-image-2307\" src=\"https:\/\/www.mfoto.es\/noticias\/wp-content\/uploads_2012\/119_antxustegi_ourense.jpg\" alt=\"119_antxustegi_ourense\" width=\"450\" height=\"300\" srcset=\"https:\/\/www.mfoto.es\/noticias\/wp-content\/uploads_2012\/119_antxustegi_ourense.jpg 450w, https:\/\/www.mfoto.es\/noticias\/wp-content\/uploads_2012\/119_antxustegi_ourense-300x200.jpg 300w\" sizes=\"auto, (max-width: 450px) 100vw, 450px\" \/><\/p>\n<p>Este fin de semana, los d\u00edas 13 y 14 de Junio, se celebra el 47 Rallye de Ourense &#8211; Ourense Termal, que ser\u00e1 la cuarta prueba del Campeonato de Espa\u00f1a de Rallyes 2014.<\/p>\n<p>Se prev\u00e9 un rallye muy exigente para las mec\u00e1nicas de los coches debido a la previsi\u00f3n de altas temperaturas, por otra parte habituales en esta prueba.<\/p>\n<p>El bizkaino Gorka Antxustegi participar\u00e1 con el Suzuki Swift S1600 del equipo Suzuki Motor Ib\u00e9rica con el que ocupa la tercera posici\u00f3n de la Divisi\u00f3n II de dos ruedas motrices en la clasificaci\u00f3n del campeonato y le acompa\u00f1ar\u00e1 en las labores de copiloto el asturiano Alberto Iglesias.<\/p>\n<p>El Rallye de Ourense empezar\u00e1 el viernes 13 con un tramo espect\u00e1culo en el pol\u00edgono industrial de San Cipri\u00e1n de Vi\u00f1as a las 20:35 horas y continuar\u00e1 en la jornada del s\u00e1bado 14 a partir de las 9:00 horas con cinco tramos cronometrados, Os Peares, A Peroxa, To\u00e9n, San Pedro de Rocas y Luintra, que se har\u00e1n dos veces cada uno.<\/p>\n<p>Ser\u00e1n 200,88 km. cronometrados en un recorrido total de 482,67 km. y la prueba finalizar\u00e1 a las 21:50 horas en el podio situado en la Plaza Mayor de Ourense.<\/p>\n<p>&nbsp;<\/p>\n<p>M\u00e1s informaci\u00f3n:<\/p>\n<p><a href=\"http:\/\/www.rallyeourense.es\/\" target=\"_blank\">http:\/\/www.rallyeourense.es\/<\/a><\/p>\n<p>&nbsp;<\/p>\n<p>&nbsp;<\/p>\n","protected":false},"excerpt":{"rendered":"<p>Este fin de semana, los d\u00edas 13 y 14 de Junio, se celebra el 47 Rallye de Ourense &#8211; Ourense Termal, que ser\u00e1 la cuarta prueba del Campeonato de Espa\u00f1a de Rallyes 2014. Se prev\u00e9 un rallye muy exigente para las mec\u00e1nicas de los coches debido a la previsi\u00f3n de altas temperaturas, por otra parte [&hellip;]<\/p>\n","protected":false},"author":1,"featured_media":0,"comment_status":"closed","ping_status":"closed","sticky":false,"template":"","format":"standard","meta":{"footnotes":""},"categories":[139,51,64,5,4],"tags":[],"class_list":["post-2306","post","type-post","status-publish","format-standard","hentry","category-139","category-antxustegi","category-galicia","category-nacional","category-rallyes"],"_links":{"self":[{"href":"https:\/\/www.mfoto.es\/noticias\/index.php?rest_route=\/wp\/v2\/posts\/2306","targetHints":{"allow":["GET"]}}],"collection":[{"href":"https:\/\/www.mfoto.es\/noticias\/index.php?rest_route=\/wp\/v2\/posts"}],"about":[{"href":"https:\/\/www.mfoto.es\/noticias\/index.php?rest_route=\/wp\/v2\/types\/post"}],"author":[{"embeddable":true,"href":"https:\/\/www.mfoto.es\/noticias\/index.php?rest_route=\/wp\/v2\/users\/1"}],"replies":[{"embeddable":true,"href":"https:\/\/www.mfoto.es\/noticias\/index.php?rest_route=%2Fwp%2Fv2%2Fcomments&post=2306"}],"version-history":[{"count":4,"href":"https:\/\/www.mfoto.es\/noticias\/index.php?rest_route=\/wp\/v2\/posts\/2306\/revisions"}],"predecessor-version":[{"id":2311,"href":"https:\/\/www.mfoto.es\/noticias\/index.php?rest_route=\/wp\/v2\/posts\/2306\/revisions\/2311"}],"wp:attachment":[{"href":"https:\/\/www.mfoto.es\/noticias\/index.php?rest_route=%2Fwp%2Fv2%2Fmedia&parent=2306"}],"wp:term":[{"taxonomy":"category","embeddable":true,"href":"https:\/\/www.mfoto.es\/noticias\/index.php?rest_route=%2Fwp%2Fv2%2Fcategories&post=2306"},{"taxonomy":"post_tag","embeddable":true,"href":"https:\/\/www.mfoto.es\/noticias\/index.php?rest_route=%2Fwp%2Fv2%2Ftags&post=2306"}],"curies":[{"name":"wp","href":"https:\/\/api.w.org\/{rel}","templated":true}]}}