{"id":2300,"date":"2014-06-10T12:16:56","date_gmt":"2014-06-10T11:16:56","guid":{"rendered":"http:\/\/www.mfoto.es\/noticias\/?p=2300"},"modified":"2015-04-10T18:27:59","modified_gmt":"2015-04-10T17:27:59","slug":"sebastien-ogier-gana-el-rally-italia-sardegna","status":"publish","type":"post","link":"https:\/\/www.mfoto.es\/noticias\/?p=2300","title":{"rendered":"Sebastien Ogier gana el Rally Italia Sardegna"},"content":{"rendered":"<p><img loading=\"lazy\" decoding=\"async\" class=\"alignleft\" src=\"https:\/\/www.mfoto.es\/logos\/foto.gif\" alt=\"\" width=\"50\" height=\"36\" \/><\/p>\n<p><strong><a href=\"https:\/\/www.mfoto.es\/fotos\/2014\/010_sardegna\/\">FOTOS RALLYE ITALIA SARDEGNA<\/a><\/strong><\/p>\n<p><img loading=\"lazy\" decoding=\"async\" class=\"alignnone size-full wp-image-2301\" src=\"https:\/\/www.mfoto.es\/noticias\/wp-content\/uploads_2012\/118_ogier_sardegna.jpg\" alt=\"118_ogier_sardegna\" width=\"450\" height=\"300\" srcset=\"https:\/\/www.mfoto.es\/noticias\/wp-content\/uploads_2012\/118_ogier_sardegna.jpg 450w, https:\/\/www.mfoto.es\/noticias\/wp-content\/uploads_2012\/118_ogier_sardegna-300x200.jpg 300w\" sizes=\"auto, (max-width: 450px) 100vw, 450px\" \/><\/p>\n<p>Sebastien Ogier con un VW Polo R WRC consegu\u00eda otra victoria en el mundial de rallyes. Su compa\u00f1ero de equipo, Jari Matti Latvala, dominaba la prueba en la segunda jornada hasta que toc\u00f3 una roca, tuvo que parar a cambiar la rueda y perd\u00eda unos dos minutos. Mads Ostberg con el Citro\u00ebn DS3 aprovech\u00f3 la situaci\u00f3n para terminar segundo a 1:23.1 de Ogier y Latvala finalmente era tercero a s\u00f3lo 9.7 segundos de Otsberg.<\/p>\n<p><em>Clasificaci\u00f3n 11 Rally Italia Sardegna:<\/em><br \/>\n1\u00ba Ogier-Ingrassia (VW Polo R WRC) 4:02:37.8<br \/>\n2\u00ba Ostberg-Andersson (Citro\u00ebn DS3 WRC) +1:23.1<br \/>\n3\u00ba Latvala-Anttila (VW Polo R WRC) +1:32.8<br \/>\n4\u00ba Mikkelsen-Floene (VW Polo R WRC) +2:39.3<br \/>\n5\u00ba Evans-Barritt (Ford Fiesta RS WRC) +4:41.8<\/p>\n<p>&nbsp;<\/p>\n","protected":false},"excerpt":{"rendered":"<p>FOTOS RALLYE ITALIA SARDEGNA Sebastien Ogier con un VW Polo R WRC consegu\u00eda otra victoria en el mundial de rallyes. Su compa\u00f1ero de equipo, Jari Matti Latvala, dominaba la prueba en la segunda jornada hasta que toc\u00f3 una roca, tuvo que parar a cambiar la rueda y perd\u00eda unos dos minutos. Mads Ostberg con el [&hellip;]<\/p>\n","protected":false},"author":1,"featured_media":0,"comment_status":"closed","ping_status":"closed","sticky":false,"template":"","format":"standard","meta":{"footnotes":""},"categories":[139,100,109,87,124,4,25],"tags":[],"class_list":["post-2300","post","type-post","status-publish","format-standard","hentry","category-139","category-italia","category-latvala","category-ogier","category-ostberg","category-rallyes","category-wrc"],"_links":{"self":[{"href":"https:\/\/www.mfoto.es\/noticias\/index.php?rest_route=\/wp\/v2\/posts\/2300","targetHints":{"allow":["GET"]}}],"collection":[{"href":"https:\/\/www.mfoto.es\/noticias\/index.php?rest_route=\/wp\/v2\/posts"}],"about":[{"href":"https:\/\/www.mfoto.es\/noticias\/index.php?rest_route=\/wp\/v2\/types\/post"}],"author":[{"embeddable":true,"href":"https:\/\/www.mfoto.es\/noticias\/index.php?rest_route=\/wp\/v2\/users\/1"}],"replies":[{"embeddable":true,"href":"https:\/\/www.mfoto.es\/noticias\/index.php?rest_route=%2Fwp%2Fv2%2Fcomments&post=2300"}],"version-history":[{"count":4,"href":"https:\/\/www.mfoto.es\/noticias\/index.php?rest_route=\/wp\/v2\/posts\/2300\/revisions"}],"predecessor-version":[{"id":2305,"href":"https:\/\/www.mfoto.es\/noticias\/index.php?rest_route=\/wp\/v2\/posts\/2300\/revisions\/2305"}],"wp:attachment":[{"href":"https:\/\/www.mfoto.es\/noticias\/index.php?rest_route=%2Fwp%2Fv2%2Fmedia&parent=2300"}],"wp:term":[{"taxonomy":"category","embeddable":true,"href":"https:\/\/www.mfoto.es\/noticias\/index.php?rest_route=%2Fwp%2Fv2%2Fcategories&post=2300"},{"taxonomy":"post_tag","embeddable":true,"href":"https:\/\/www.mfoto.es\/noticias\/index.php?rest_route=%2Fwp%2Fv2%2Ftags&post=2300"}],"curies":[{"name":"wp","href":"https:\/\/api.w.org\/{rel}","templated":true}]}}