{"id":230,"date":"2010-05-15T17:58:37","date_gmt":"2010-05-15T16:58:37","guid":{"rendered":"http:\/\/www.mfoto.es\/2011\/?p=230"},"modified":"2010-05-15T17:58:37","modified_gmt":"2010-05-15T16:58:37","slug":"xabier-lujua-sin-suerte-en-el-rallye-cantabria-infinita","status":"publish","type":"post","link":"https:\/\/www.mfoto.es\/noticias\/?p=230","title":{"rendered":"Xabier Lujua, sin suerte en el Rallye Cantabria Infinita"},"content":{"rendered":"<p><a href=\"https:\/\/www.mfoto.es\/noticias\/wp-content\/uploads_2012\/028_lujua_cantabria_2-1.jpg\"><\/a><a href=\"https:\/\/www.mfoto.es\/noticias\/wp-content\/uploads_2012\/028_lujua_cantabria_2-1.jpg\"><\/a><\/p>\n<p><a href=\"https:\/\/www.mfoto.es\/noticias\/wp-content\/uploads_2012\/028_lujua_cantabria_2-1.jpg\"><img loading=\"lazy\" decoding=\"async\" class=\"alignnone size-full wp-image-231\" title=\"028_lujua_cantabria_2\" src=\"https:\/\/www.mfoto.es\/noticias\/wp-content\/uploads_2012\/028_lujua_cantabria_2-1.jpg\" alt=\"\" width=\"450\" height=\"300\" \/><\/a><\/p>\n<p>El piloto bizkaino Xabier Lujua, acompa\u00f1ado por Jes\u00fas Estrada, sobre su Mitsubishi EVO X, se ha visto obligado a abandonar el Rallye Cantabria Infinita, tras sufrir una salida de carretera, cuando luchaba con el piloto gallego Victor Senra por la primera posici\u00f3n de la Mitsubishi EVO CUP.<\/p>\n<p>Las malas condiciones meteorol\u00f3gicas durante todo el fin de semana han hecho del Rallye Cantabria Infinita una prueba complicada y con numerosos abandonos. El piloto c\u00e1ntabro Enrique Garc\u00eda Ojeda con un Subaru Impreza domin\u00f3 la prueba de principio a fin y estuvo acompa\u00f1ado en el podium por Victor Senra (Mitsubishi EVO X) y por Sergio Vallejo (Ford Fiesta S2000).<\/p>\n","protected":false},"excerpt":{"rendered":"<p>El piloto bizkaino Xabier Lujua, acompa\u00f1ado por Jes\u00fas Estrada, sobre su Mitsubishi EVO X, se ha visto obligado a abandonar el Rallye Cantabria Infinita, tras sufrir una salida de carretera, cuando luchaba con el piloto gallego Victor Senra por la primera posici\u00f3n de la Mitsubishi EVO CUP. Las malas condiciones meteorol\u00f3gicas durante todo el fin [&hellip;]<\/p>\n","protected":false},"author":1,"featured_media":0,"comment_status":"closed","ping_status":"open","sticky":false,"template":"","format":"standard","meta":{"footnotes":""},"categories":[10,54,5,4],"tags":[],"class_list":["post-230","post","type-post","status-publish","format-standard","hentry","category-cantabria","category-lujua","category-nacional","category-rallyes"],"_links":{"self":[{"href":"https:\/\/www.mfoto.es\/noticias\/index.php?rest_route=\/wp\/v2\/posts\/230","targetHints":{"allow":["GET"]}}],"collection":[{"href":"https:\/\/www.mfoto.es\/noticias\/index.php?rest_route=\/wp\/v2\/posts"}],"about":[{"href":"https:\/\/www.mfoto.es\/noticias\/index.php?rest_route=\/wp\/v2\/types\/post"}],"author":[{"embeddable":true,"href":"https:\/\/www.mfoto.es\/noticias\/index.php?rest_route=\/wp\/v2\/users\/1"}],"replies":[{"embeddable":true,"href":"https:\/\/www.mfoto.es\/noticias\/index.php?rest_route=%2Fwp%2Fv2%2Fcomments&post=230"}],"version-history":[{"count":0,"href":"https:\/\/www.mfoto.es\/noticias\/index.php?rest_route=\/wp\/v2\/posts\/230\/revisions"}],"wp:attachment":[{"href":"https:\/\/www.mfoto.es\/noticias\/index.php?rest_route=%2Fwp%2Fv2%2Fmedia&parent=230"}],"wp:term":[{"taxonomy":"category","embeddable":true,"href":"https:\/\/www.mfoto.es\/noticias\/index.php?rest_route=%2Fwp%2Fv2%2Fcategories&post=230"},{"taxonomy":"post_tag","embeddable":true,"href":"https:\/\/www.mfoto.es\/noticias\/index.php?rest_route=%2Fwp%2Fv2%2Ftags&post=230"}],"curies":[{"name":"wp","href":"https:\/\/api.w.org\/{rel}","templated":true}]}}