{"id":2293,"date":"2014-06-02T17:56:42","date_gmt":"2014-06-02T16:56:42","guid":{"rendered":"http:\/\/www.mfoto.es\/noticias\/?p=2293"},"modified":"2015-04-10T18:28:36","modified_gmt":"2015-04-10T17:28:36","slug":"excelente-4o-puesto-de-antxustegi-en-el-rallye-rias-baixas","status":"publish","type":"post","link":"https:\/\/www.mfoto.es\/noticias\/?p=2293","title":{"rendered":"Excelente 4\u00ba puesto de Antxustegi en el Rallye R\u00edas Baixas"},"content":{"rendered":"<p><img loading=\"lazy\" decoding=\"async\" class=\"alignleft\" src=\"https:\/\/www.mfoto.es\/logos\/foto.gif\" alt=\"\" width=\"50\" height=\"36\" \/><\/p>\n<p><strong><a href=\"https:\/\/www.mfoto.es\/fotos\/2014\/009_rias_baixas\/\">FOTOS RALLYE R\u00cdAS BAIXAS<\/a><\/strong><\/p>\n<p><img loading=\"lazy\" decoding=\"async\" class=\"alignnone size-full wp-image-2288\" src=\"https:\/\/www.mfoto.es\/noticias\/wp-content\/uploads_2012\/116_antxustegi_rias_baixas.jpg\" alt=\"116_antxustegi_rias_baixas\" width=\"450\" height=\"300\" srcset=\"https:\/\/www.mfoto.es\/noticias\/wp-content\/uploads_2012\/116_antxustegi_rias_baixas.jpg 450w, https:\/\/www.mfoto.es\/noticias\/wp-content\/uploads_2012\/116_antxustegi_rias_baixas-300x200.jpg 300w\" sizes=\"auto, (max-width: 450px) 100vw, 450px\" \/><\/p>\n<p>El piloto bizkaino Gorka Antxustegi, con el Suzuki Swift S1600, terminaba en la cuarta posici\u00f3n absoluta de la clasificaci\u00f3n general en la 50 edici\u00f3n del Rallye R\u00edas Baixas, celebrado el pasado fin de semana en las cercan\u00edas de Vigo.<\/p>\n<p>Antxustegi se situaba tras su compa\u00f1ero de equipo, el andorrano Joan Vinyes, y se clasificaba en la segunda posici\u00f3n de la categor\u00eda II, a pesar de haber roto un palier en la tarde del viernes que le retras\u00f3 casi un minuto.<\/p>\n<p>La victoria final del 50\u00ba Rallye R\u00edas Baixas fue para los hermanos Vallejo con un Porsche 997 GT3 Cup.<\/p>\n<p>Con este resultado, Antxustegi ocupa la tercera posici\u00f3n de la divisi\u00f3n II del Campeonato de Espa\u00f1a de Rallyes con 60 puntos.<\/p>\n<p>La pr\u00f3xima prueba que disputar\u00e1 Antxustegi con el Suzuki Swift S1600 ser\u00e1 el Rallye de Ourense los d\u00edas 13 y 14 de Junio.<\/p>\n<p><em>Clasificaci\u00f3n 50 Rallye R\u00edas Baixas:<\/em><br \/>\n1\u00ba Vallejo-Vallejo (Porsche GT3 Cup) 1:41:25.9<br \/>\n2\u00ba Fuster-Avi\u00f1\u00f3 (Ford Fiesta R5) +51.4<br \/>\n3\u00ba Vinyes-Mercader (Suzuki Swift S1600) +3:25.4<br \/>\n<strong>4\u00ba Antxustegi-Iglesias (Suzuki Swift S1600) +5:21.4<\/strong><br \/>\n5\u00ba Carchat-Ribeiro (Mitsubishi EVO X) +7:03.0<\/p>\n<p>&nbsp;<\/p>\n<p>&nbsp;<\/p>\n","protected":false},"excerpt":{"rendered":"<p>FOTOS RALLYE R\u00cdAS BAIXAS El piloto bizkaino Gorka Antxustegi, con el Suzuki Swift S1600, terminaba en la cuarta posici\u00f3n absoluta de la clasificaci\u00f3n general en la 50 edici\u00f3n del Rallye R\u00edas Baixas, celebrado el pasado fin de semana en las cercan\u00edas de Vigo. Antxustegi se situaba tras su compa\u00f1ero de equipo, el andorrano Joan Vinyes, [&hellip;]<\/p>\n","protected":false},"author":1,"featured_media":0,"comment_status":"closed","ping_status":"closed","sticky":false,"template":"","format":"standard","meta":{"footnotes":""},"categories":[139,51,64,5,4,84],"tags":[],"class_list":["post-2293","post","type-post","status-publish","format-standard","hentry","category-139","category-antxustegi","category-galicia","category-nacional","category-rallyes","category-vallejo"],"_links":{"self":[{"href":"https:\/\/www.mfoto.es\/noticias\/index.php?rest_route=\/wp\/v2\/posts\/2293","targetHints":{"allow":["GET"]}}],"collection":[{"href":"https:\/\/www.mfoto.es\/noticias\/index.php?rest_route=\/wp\/v2\/posts"}],"about":[{"href":"https:\/\/www.mfoto.es\/noticias\/index.php?rest_route=\/wp\/v2\/types\/post"}],"author":[{"embeddable":true,"href":"https:\/\/www.mfoto.es\/noticias\/index.php?rest_route=\/wp\/v2\/users\/1"}],"replies":[{"embeddable":true,"href":"https:\/\/www.mfoto.es\/noticias\/index.php?rest_route=%2Fwp%2Fv2%2Fcomments&post=2293"}],"version-history":[{"count":4,"href":"https:\/\/www.mfoto.es\/noticias\/index.php?rest_route=\/wp\/v2\/posts\/2293\/revisions"}],"predecessor-version":[{"id":2298,"href":"https:\/\/www.mfoto.es\/noticias\/index.php?rest_route=\/wp\/v2\/posts\/2293\/revisions\/2298"}],"wp:attachment":[{"href":"https:\/\/www.mfoto.es\/noticias\/index.php?rest_route=%2Fwp%2Fv2%2Fmedia&parent=2293"}],"wp:term":[{"taxonomy":"category","embeddable":true,"href":"https:\/\/www.mfoto.es\/noticias\/index.php?rest_route=%2Fwp%2Fv2%2Fcategories&post=2293"},{"taxonomy":"post_tag","embeddable":true,"href":"https:\/\/www.mfoto.es\/noticias\/index.php?rest_route=%2Fwp%2Fv2%2Ftags&post=2293"}],"curies":[{"name":"wp","href":"https:\/\/api.w.org\/{rel}","templated":true}]}}