{"id":2287,"date":"2014-06-02T18:54:55","date_gmt":"2014-06-02T17:54:55","guid":{"rendered":"http:\/\/www.mfoto.es\/noticias\/?p=2287"},"modified":"2015-04-10T18:28:18","modified_gmt":"2015-04-10T17:28:18","slug":"victoria-de-vallejo-en-el-rallye-rias-baixas","status":"publish","type":"post","link":"https:\/\/www.mfoto.es\/noticias\/?p=2287","title":{"rendered":"Victoria de Vallejo en el Rallye R\u00edas Baixas"},"content":{"rendered":"<p><img loading=\"lazy\" decoding=\"async\" class=\"alignleft\" src=\"https:\/\/www.mfoto.es\/logos\/foto.gif\" alt=\"\" width=\"50\" height=\"36\" \/><\/p>\n<p><strong><a href=\"https:\/\/www.mfoto.es\/fotos\/2014\/009_rias_baixas\/\">FOTOS RALLYE R\u00cdAS BAIXAS<\/a><\/strong><\/p>\n<p><img loading=\"lazy\" decoding=\"async\" class=\"alignnone size-full wp-image-2289\" src=\"https:\/\/www.mfoto.es\/noticias\/wp-content\/uploads_2012\/117_vallejo_rias_baixas.jpg\" alt=\"117_vallejo_rias_baixas\" width=\"450\" height=\"300\" srcset=\"https:\/\/www.mfoto.es\/noticias\/wp-content\/uploads_2012\/117_vallejo_rias_baixas.jpg 450w, https:\/\/www.mfoto.es\/noticias\/wp-content\/uploads_2012\/117_vallejo_rias_baixas-300x200.jpg 300w\" sizes=\"auto, (max-width: 450px) 100vw, 450px\" \/><\/p>\n<p>La 50 edici\u00f3n del Rallye R\u00edas Baixas terminaba con otra victoria de los hermanos Vallejo con el Porsche 997 GT3, en segunda posici\u00f3n a 51.4 segundos estaba Miguel Fuster con el Ford Fiesta R5 y la tercera plaza era para Joan Vinyes con el Suzuki Swift S1600 a 3:25.4.<\/p>\n<p>En la jornada del viernes era el piloto local Alberto Meira qui\u00e9n mandaba en la prueba con un Mitsubishi Evo X, terminando el d\u00eda con 5.9 segundos de ventaja sobre Sergio Vallejo. Por detr\u00e1s estaban Miguel Fuster y Surhayen Pern\u00eda separados por 6.7 segundos, que no pod\u00edan seguir el ritmo de cabeza.<\/p>\n<p>El s\u00e1bado empezaba con el tramo de Fornelos, donde Vallejo sacaba 10 segundos a Meira y se pon\u00eda l\u00edder. En el siguiente tramo, Ponteareas, Meira le endosaba a Vallejo 15 segundos y recuperaba el liderato de nuevo, pero en el tramo de As Neves, Meira sufr\u00eda una dura salida de carretera, finalmente sin consecuencias f\u00edsicas, que dejaba pr\u00e1cticamente decidida la victoria para Vallejo.<\/p>\n<p>Por detr\u00e1s la lucha era entre Fuster y Pern\u00eda, se alternaban la tercera plaza separados por pocos segundos hasta que Surhayen Pern\u00eda se sal\u00eda en Ponteareas y Fuster terminaba segundo al haber abandonado tambi\u00e9n Meira.<\/p>\n<p>Joan Vinyes terminaba en la tercera plaza del podio y lideraba la categor\u00eda II, seguido por Antxustegi, con los dos Suzuki Swift oficiales.<\/p>\n<p>En las copas de promoci\u00f3n, Pablo Paz\u00f3 ganaba la Copa Suzuki, Joan Carchat la Mitsubishi Evo Cup, David Gonz\u00e1lez la Renault y Angel Paniceres con un Ford Fiesta R2 ganaba la categor\u00eda Junior.<\/p>\n<p><em>Clasificaci\u00f3n 50 Rallye R\u00edas Baixas:<\/em><br \/>\n1\u00ba Vallejo-Vallejo (Porsche GT3 Cup) 1:41:25.9<br \/>\n2\u00ba Fuster-Avi\u00f1\u00f3 (Ford Fiesta R5) +51.4<br \/>\n3\u00ba Vinyes-Mercader (Suzuki Swift S1600) +3:25.4<br \/>\n4\u00ba Antxustegi-Iglesias (Suzuki Swift S1600) +5:21.4<br \/>\n5\u00ba Carchat-Ribeiro (Mitsubishi EVO X) +7:03.0<\/p>\n<p>&nbsp;<\/p>\n","protected":false},"excerpt":{"rendered":"<p>FOTOS RALLYE R\u00cdAS BAIXAS La 50 edici\u00f3n del Rallye R\u00edas Baixas terminaba con otra victoria de los hermanos Vallejo con el Porsche 997 GT3, en segunda posici\u00f3n a 51.4 segundos estaba Miguel Fuster con el Ford Fiesta R5 y la tercera plaza era para Joan Vinyes con el Suzuki Swift S1600 a 3:25.4. En la [&hellip;]<\/p>\n","protected":false},"author":1,"featured_media":0,"comment_status":"closed","ping_status":"closed","sticky":false,"template":"","format":"standard","meta":{"footnotes":""},"categories":[139,51,64,65,5,97,4,84,72],"tags":[],"class_list":["post-2287","post","type-post","status-publish","format-standard","hentry","category-139","category-antxustegi","category-galicia","category-meira","category-nacional","category-pernia","category-rallyes","category-vallejo","category-vinyes"],"_links":{"self":[{"href":"https:\/\/www.mfoto.es\/noticias\/index.php?rest_route=\/wp\/v2\/posts\/2287","targetHints":{"allow":["GET"]}}],"collection":[{"href":"https:\/\/www.mfoto.es\/noticias\/index.php?rest_route=\/wp\/v2\/posts"}],"about":[{"href":"https:\/\/www.mfoto.es\/noticias\/index.php?rest_route=\/wp\/v2\/types\/post"}],"author":[{"embeddable":true,"href":"https:\/\/www.mfoto.es\/noticias\/index.php?rest_route=\/wp\/v2\/users\/1"}],"replies":[{"embeddable":true,"href":"https:\/\/www.mfoto.es\/noticias\/index.php?rest_route=%2Fwp%2Fv2%2Fcomments&post=2287"}],"version-history":[{"count":4,"href":"https:\/\/www.mfoto.es\/noticias\/index.php?rest_route=\/wp\/v2\/posts\/2287\/revisions"}],"predecessor-version":[{"id":2297,"href":"https:\/\/www.mfoto.es\/noticias\/index.php?rest_route=\/wp\/v2\/posts\/2287\/revisions\/2297"}],"wp:attachment":[{"href":"https:\/\/www.mfoto.es\/noticias\/index.php?rest_route=%2Fwp%2Fv2%2Fmedia&parent=2287"}],"wp:term":[{"taxonomy":"category","embeddable":true,"href":"https:\/\/www.mfoto.es\/noticias\/index.php?rest_route=%2Fwp%2Fv2%2Fcategories&post=2287"},{"taxonomy":"post_tag","embeddable":true,"href":"https:\/\/www.mfoto.es\/noticias\/index.php?rest_route=%2Fwp%2Fv2%2Ftags&post=2287"}],"curies":[{"name":"wp","href":"https:\/\/api.w.org\/{rel}","templated":true}]}}