{"id":2284,"date":"2014-05-29T11:35:24","date_gmt":"2014-05-29T10:35:24","guid":{"rendered":"http:\/\/www.mfoto.es\/noticias\/?p=2284"},"modified":"2015-04-10T18:28:53","modified_gmt":"2015-04-10T17:28:53","slug":"antxustegi-en-el-50o-rallye-rias-baixas","status":"publish","type":"post","link":"https:\/\/www.mfoto.es\/noticias\/?p=2284","title":{"rendered":"Antxustegi en el 50\u00ba Rallye R\u00edas Baixas"},"content":{"rendered":"<p><img loading=\"lazy\" decoding=\"async\" class=\"alignnone size-full wp-image-2285\" src=\"https:\/\/www.mfoto.es\/noticias\/wp-content\/uploads_2012\/115_antxustegi_rias_baixas.jpg\" alt=\"115_antxustegi_rias_baixas\" width=\"450\" height=\"300\" srcset=\"https:\/\/www.mfoto.es\/noticias\/wp-content\/uploads_2012\/115_antxustegi_rias_baixas.jpg 450w, https:\/\/www.mfoto.es\/noticias\/wp-content\/uploads_2012\/115_antxustegi_rias_baixas-300x200.jpg 300w\" sizes=\"auto, (max-width: 450px) 100vw, 450px\" \/><\/p>\n<p>El piloto bizkaino Gorka Antxustegi tomar\u00e1 la salida este fin de semana en la 50 edici\u00f3n del Rallye R\u00edas Baixas, que se celebrar\u00e1 en la zona de Vigo y que ser\u00e1 la tercera prueba puntuable para el Campeonato de Espa\u00f1a de Rallyes 2014.<\/p>\n<p>Gorka Antxustegi pilotar\u00e1 un Suzuki Swift S1600 del equipo Suzuki Motor Ib\u00e9rica con el que intentar\u00e1 conseguir un buen resultado en la categor\u00eda de dos ruedas motrices.<\/p>\n<p>La 50 edici\u00f3n del Rallye R\u00edas Baixas recorrer\u00e1 5 tramos cronometrados, que se disputar\u00e1n en dos jornadas, el viernes se har\u00e1n dos pasadas a los tramos de Chenlo-Morgadans y Nigr\u00e1n, y el s\u00e1bado tres pasadas a Fornelos, Ponteareas y As Neves.<\/p>\n<p>El recorrido del rallye totaliza 180,28 km. cronometrados para un recorrido total de 556,64 km.<\/p>\n<p>La salida de la prueba ser\u00e1 a las 17:00 horas del viernes d\u00eda 30 y la llegada ser\u00e1 el s\u00e1bado d\u00eda 31 a las 19:00 horas, ambas en el p\u00f3dium de la Porta do Sol en el centro de Vigo.<br \/>\nM\u00e1s informaci\u00f3n:<\/p>\n<p><a href=\"http:\/\/www.rallyeriasbaixas.com\/\" target=\"_blank\">http:\/\/www.rallyeriasbaixas.com\/<\/a><\/p>\n<p>&nbsp;<\/p>\n","protected":false},"excerpt":{"rendered":"<p>El piloto bizkaino Gorka Antxustegi tomar\u00e1 la salida este fin de semana en la 50 edici\u00f3n del Rallye R\u00edas Baixas, que se celebrar\u00e1 en la zona de Vigo y que ser\u00e1 la tercera prueba puntuable para el Campeonato de Espa\u00f1a de Rallyes 2014. Gorka Antxustegi pilotar\u00e1 un Suzuki Swift S1600 del equipo Suzuki Motor Ib\u00e9rica [&hellip;]<\/p>\n","protected":false},"author":1,"featured_media":0,"comment_status":"closed","ping_status":"closed","sticky":false,"template":"","format":"standard","meta":{"footnotes":""},"categories":[139,51,64,5,4],"tags":[],"class_list":["post-2284","post","type-post","status-publish","format-standard","hentry","category-139","category-antxustegi","category-galicia","category-nacional","category-rallyes"],"_links":{"self":[{"href":"https:\/\/www.mfoto.es\/noticias\/index.php?rest_route=\/wp\/v2\/posts\/2284","targetHints":{"allow":["GET"]}}],"collection":[{"href":"https:\/\/www.mfoto.es\/noticias\/index.php?rest_route=\/wp\/v2\/posts"}],"about":[{"href":"https:\/\/www.mfoto.es\/noticias\/index.php?rest_route=\/wp\/v2\/types\/post"}],"author":[{"embeddable":true,"href":"https:\/\/www.mfoto.es\/noticias\/index.php?rest_route=\/wp\/v2\/users\/1"}],"replies":[{"embeddable":true,"href":"https:\/\/www.mfoto.es\/noticias\/index.php?rest_route=%2Fwp%2Fv2%2Fcomments&post=2284"}],"version-history":[{"count":1,"href":"https:\/\/www.mfoto.es\/noticias\/index.php?rest_route=\/wp\/v2\/posts\/2284\/revisions"}],"predecessor-version":[{"id":2286,"href":"https:\/\/www.mfoto.es\/noticias\/index.php?rest_route=\/wp\/v2\/posts\/2284\/revisions\/2286"}],"wp:attachment":[{"href":"https:\/\/www.mfoto.es\/noticias\/index.php?rest_route=%2Fwp%2Fv2%2Fmedia&parent=2284"}],"wp:term":[{"taxonomy":"category","embeddable":true,"href":"https:\/\/www.mfoto.es\/noticias\/index.php?rest_route=%2Fwp%2Fv2%2Fcategories&post=2284"},{"taxonomy":"post_tag","embeddable":true,"href":"https:\/\/www.mfoto.es\/noticias\/index.php?rest_route=%2Fwp%2Fv2%2Ftags&post=2284"}],"curies":[{"name":"wp","href":"https:\/\/api.w.org\/{rel}","templated":true}]}}