{"id":2277,"date":"2014-05-12T09:36:08","date_gmt":"2014-05-12T08:36:08","guid":{"rendered":"http:\/\/www.mfoto.es\/noticias\/?p=2277"},"modified":"2015-04-10T18:29:09","modified_gmt":"2015-04-10T17:29:09","slug":"vallejo-se-lleva-la-victoria-en-el-rallye-sierra-morena","status":"publish","type":"post","link":"https:\/\/www.mfoto.es\/noticias\/?p=2277","title":{"rendered":"Vallejo se lleva la victoria en el Rallye Sierra Morena"},"content":{"rendered":"<p><img loading=\"lazy\" decoding=\"async\" class=\"alignnone size-full wp-image-2275\" alt=\"114_vallejo_sierra_morena\" src=\"https:\/\/www.mfoto.es\/noticias\/wp-content\/uploads_2012\/114_vallejo_sierra_morena.jpg\" width=\"450\" height=\"300\" srcset=\"https:\/\/www.mfoto.es\/noticias\/wp-content\/uploads_2012\/114_vallejo_sierra_morena.jpg 450w, https:\/\/www.mfoto.es\/noticias\/wp-content\/uploads_2012\/114_vallejo_sierra_morena-300x200.jpg 300w\" sizes=\"auto, (max-width: 450px) 100vw, 450px\" \/><\/p>\n<p><em>Foto: Roberto Saavedra<\/em><\/p>\n<p>Los hermanos Vallejo, con el Porsche 997 GT3 2010, consegu\u00edan finalmente llevarse la victoria en un caluroso Rallye Sierra Morena. La prueba estuvo liderada por Miguel Fuster, que estrenaba el Ford Fiesta R5, hasta el \u00faltimo bucle en el que fue alcanzado por Vallejo, para terminar en la segunda posici\u00f3n a 26 segundos.<\/p>\n<p>Surhayen Pern\u00eda con un Mitsubishi Evo X era tercero final a algo m\u00e1s de un minuto, tras haber hecho el scratch en Trassierra, el tramo que abr\u00eda la carrera.<\/p>\n<p>La categor\u00eda de Dos Ruedas Motrices era dominada una vez m\u00e1s por los Suzuki oficiales de Vinyes y Antxustegi.<\/p>\n<p>En las copas de promoci\u00f3n, Pern\u00eda encabezaba la Mitsubishi Evo Cup con mucha ventaja sobre Joan Carchat y Edgar Vigo, mientras que la Copa Suzuki la ganaba Pablo Paz\u00f3, seguido de Adri\u00e1n D\u00edaz y Jos\u00e9 Paz\u00f3 y Jos\u00e9 Antonio Aznar con un Porsche 997 GT3 era el primer clasficado del Campeonato Andaluz.<\/p>\n<p><em>Clasificaci\u00f3n 32 Rallye Sierra Morena:<\/em><br \/>\n1\u00ba Vallejo-Vallejo (Porsche 997 GT3) 1:51:30.6<br \/>\n2\u00ba Fuster-Avi\u00f1\u00f3 (Ford Fiesta R5) +26.3<br \/>\n3\u00ba Pern\u00eda-Garc\u00eda (Mitsubishi EVO X) +1:14.1<br \/>\n4\u00ba Aznar-Gal\u00e1n (Porsche 997 GT3) +4:11.4<br \/>\n5\u00ba Carchat-Ribeiro (Mitsubishi EVO X) +4:30.1<\/p>\n","protected":false},"excerpt":{"rendered":"<p>Foto: Roberto Saavedra Los hermanos Vallejo, con el Porsche 997 GT3 2010, consegu\u00edan finalmente llevarse la victoria en un caluroso Rallye Sierra Morena. La prueba estuvo liderada por Miguel Fuster, que estrenaba el Ford Fiesta R5, hasta el \u00faltimo bucle en el que fue alcanzado por Vallejo, para terminar en la segunda posici\u00f3n a 26 [&hellip;]<\/p>\n","protected":false},"author":1,"featured_media":0,"comment_status":"closed","ping_status":"closed","sticky":false,"template":"","format":"standard","meta":{"footnotes":""},"categories":[139,110,68,5,97,4,84],"tags":[],"class_list":["post-2277","post","type-post","status-publish","format-standard","hentry","category-139","category-andalucia","category-fuster","category-nacional","category-pernia","category-rallyes","category-vallejo"],"_links":{"self":[{"href":"https:\/\/www.mfoto.es\/noticias\/index.php?rest_route=\/wp\/v2\/posts\/2277","targetHints":{"allow":["GET"]}}],"collection":[{"href":"https:\/\/www.mfoto.es\/noticias\/index.php?rest_route=\/wp\/v2\/posts"}],"about":[{"href":"https:\/\/www.mfoto.es\/noticias\/index.php?rest_route=\/wp\/v2\/types\/post"}],"author":[{"embeddable":true,"href":"https:\/\/www.mfoto.es\/noticias\/index.php?rest_route=\/wp\/v2\/users\/1"}],"replies":[{"embeddable":true,"href":"https:\/\/www.mfoto.es\/noticias\/index.php?rest_route=%2Fwp%2Fv2%2Fcomments&post=2277"}],"version-history":[{"count":2,"href":"https:\/\/www.mfoto.es\/noticias\/index.php?rest_route=\/wp\/v2\/posts\/2277\/revisions"}],"predecessor-version":[{"id":2281,"href":"https:\/\/www.mfoto.es\/noticias\/index.php?rest_route=\/wp\/v2\/posts\/2277\/revisions\/2281"}],"wp:attachment":[{"href":"https:\/\/www.mfoto.es\/noticias\/index.php?rest_route=%2Fwp%2Fv2%2Fmedia&parent=2277"}],"wp:term":[{"taxonomy":"category","embeddable":true,"href":"https:\/\/www.mfoto.es\/noticias\/index.php?rest_route=%2Fwp%2Fv2%2Fcategories&post=2277"},{"taxonomy":"post_tag","embeddable":true,"href":"https:\/\/www.mfoto.es\/noticias\/index.php?rest_route=%2Fwp%2Fv2%2Ftags&post=2277"}],"curies":[{"name":"wp","href":"https:\/\/api.w.org\/{rel}","templated":true}]}}