{"id":2273,"date":"2014-05-12T09:32:56","date_gmt":"2014-05-12T08:32:56","guid":{"rendered":"http:\/\/www.mfoto.es\/noticias\/?p=2273"},"modified":"2015-04-10T18:29:25","modified_gmt":"2015-04-10T17:29:25","slug":"antxustegi-segundo-en-la-division-ii-en-el-rallye-sierra-morena","status":"publish","type":"post","link":"https:\/\/www.mfoto.es\/noticias\/?p=2273","title":{"rendered":"Antxustegi, segundo en la divisi\u00f3n II en el Rallye Sierra Morena"},"content":{"rendered":"<p><img loading=\"lazy\" decoding=\"async\" class=\"alignnone size-full wp-image-2274\" alt=\"113_antxustegi_sierra_morena\" src=\"https:\/\/www.mfoto.es\/noticias\/wp-content\/uploads_2012\/113_antxustegi_sierra_morena.jpg\" width=\"450\" height=\"300\" srcset=\"https:\/\/www.mfoto.es\/noticias\/wp-content\/uploads_2012\/113_antxustegi_sierra_morena.jpg 450w, https:\/\/www.mfoto.es\/noticias\/wp-content\/uploads_2012\/113_antxustegi_sierra_morena-300x200.jpg 300w\" sizes=\"auto, (max-width: 450px) 100vw, 450px\" \/><\/p>\n<p><em>Foto: Roberto Saavedra<\/em><\/p>\n<p>El bizkaino Gorka Antxustegi con uno de los Suzuki Swift S1600 del equipo oficial, terminaba el Rallye Sierra Morena en segunda posici\u00f3n de la divisi\u00f3n II, tras su compa\u00f1ero de equipo, el andorrano Joan Vinyes.<\/p>\n<p>Antxustegi, pese a las altas temperaturas de C\u00f3rdoba, consegu\u00eda terminar en la s\u00e9ptima posici\u00f3n de la clasificaci\u00f3n general, en una prueba que era ganada por los hermanos Vallejo con un Porsche 997 GT3.<\/p>\n<p>El Rallye Sierra Morena ha sido el debut de Antxustegi y el equipo Suzuki-Repsol en el Campeonato de Espa\u00f1a 2014 y la pr\u00f3xima prueba que estar\u00e1n presentes ser\u00e1 el 50 Rallye R\u00edas Baixas, a celebrar en Vigo a finales de Mayo.<\/p>\n<p><em>Clasificaci\u00f3n 32 Rallye Sierra Morena:<\/em><br \/>\n1\u00ba Vallejo-Vallejo (Porsche 997 GT3) 1:51:30.6<br \/>\n2\u00ba Fuster-Avi\u00f1\u00f3 (Ford Fiesta R5) +26.3<br \/>\n3\u00ba Pern\u00eda-Garc\u00eda (Mitsubishi EVO X) +1:14.1<br \/>\n4\u00ba Aznar-Gal\u00e1n (Porsche 997 GT3) +4:11.4<br \/>\n5\u00ba Carchat-Ribeiro (MITSUBISHI EVO X) +4:30.1<br \/>\n6\u00ba Vinyes-Mercader (Suzuki Swift S1600) +4:57.4<br \/>\n<strong>7\u00ba Antxustegi-Iglesias (Suzuki Swift S1600) +6:20.5<\/strong><br \/>\n8\u00ba Cima-Noriega (Seat Leon Supercopa) +7:53.4<br \/>\n9\u00ba Vall\u00edn-Odriozola (Opel Adam R2) +9:01.1<br \/>\n10\u00ba Cordero-Mart\u00edn (Porsche 997 GT3) +9:15.0<\/p>\n","protected":false},"excerpt":{"rendered":"<p>Foto: Roberto Saavedra El bizkaino Gorka Antxustegi con uno de los Suzuki Swift S1600 del equipo oficial, terminaba el Rallye Sierra Morena en segunda posici\u00f3n de la divisi\u00f3n II, tras su compa\u00f1ero de equipo, el andorrano Joan Vinyes. Antxustegi, pese a las altas temperaturas de C\u00f3rdoba, consegu\u00eda terminar en la s\u00e9ptima posici\u00f3n de la clasificaci\u00f3n [&hellip;]<\/p>\n","protected":false},"author":1,"featured_media":0,"comment_status":"closed","ping_status":"closed","sticky":false,"template":"","format":"standard","meta":{"footnotes":""},"categories":[139,110,51,5,4],"tags":[],"class_list":["post-2273","post","type-post","status-publish","format-standard","hentry","category-139","category-andalucia","category-antxustegi","category-nacional","category-rallyes"],"_links":{"self":[{"href":"https:\/\/www.mfoto.es\/noticias\/index.php?rest_route=\/wp\/v2\/posts\/2273","targetHints":{"allow":["GET"]}}],"collection":[{"href":"https:\/\/www.mfoto.es\/noticias\/index.php?rest_route=\/wp\/v2\/posts"}],"about":[{"href":"https:\/\/www.mfoto.es\/noticias\/index.php?rest_route=\/wp\/v2\/types\/post"}],"author":[{"embeddable":true,"href":"https:\/\/www.mfoto.es\/noticias\/index.php?rest_route=\/wp\/v2\/users\/1"}],"replies":[{"embeddable":true,"href":"https:\/\/www.mfoto.es\/noticias\/index.php?rest_route=%2Fwp%2Fv2%2Fcomments&post=2273"}],"version-history":[{"count":3,"href":"https:\/\/www.mfoto.es\/noticias\/index.php?rest_route=\/wp\/v2\/posts\/2273\/revisions"}],"predecessor-version":[{"id":2280,"href":"https:\/\/www.mfoto.es\/noticias\/index.php?rest_route=\/wp\/v2\/posts\/2273\/revisions\/2280"}],"wp:attachment":[{"href":"https:\/\/www.mfoto.es\/noticias\/index.php?rest_route=%2Fwp%2Fv2%2Fmedia&parent=2273"}],"wp:term":[{"taxonomy":"category","embeddable":true,"href":"https:\/\/www.mfoto.es\/noticias\/index.php?rest_route=%2Fwp%2Fv2%2Fcategories&post=2273"},{"taxonomy":"post_tag","embeddable":true,"href":"https:\/\/www.mfoto.es\/noticias\/index.php?rest_route=%2Fwp%2Fv2%2Ftags&post=2273"}],"curies":[{"name":"wp","href":"https:\/\/api.w.org\/{rel}","templated":true}]}}