{"id":227,"date":"2010-05-13T13:39:38","date_gmt":"2010-05-13T12:39:38","guid":{"rendered":"http:\/\/www.mfoto.es\/2011\/?p=227"},"modified":"2010-05-13T13:39:38","modified_gmt":"2010-05-13T12:39:38","slug":"xabier-lujua-en-el-rallye-cantabria-infinita","status":"publish","type":"post","link":"https:\/\/www.mfoto.es\/noticias\/?p=227","title":{"rendered":"Xabier Lujua en el Rallye Cantabria Infinita"},"content":{"rendered":"<p><a href=\"https:\/\/www.mfoto.es\/noticias\/wp-content\/uploads_2012\/027_lujua_cantabria.jpg\"><img loading=\"lazy\" decoding=\"async\" class=\"alignnone size-full wp-image-228\" title=\"027_lujua_cantabria\" src=\"https:\/\/www.mfoto.es\/noticias\/wp-content\/uploads_2012\/027_lujua_cantabria.jpg\" alt=\"\" width=\"450\" height=\"299\" srcset=\"https:\/\/www.mfoto.es\/noticias\/wp-content\/uploads_2012\/027_lujua_cantabria.jpg 450w, https:\/\/www.mfoto.es\/noticias\/wp-content\/uploads_2012\/027_lujua_cantabria-300x199.jpg 300w\" sizes=\"auto, (max-width: 450px) 100vw, 450px\" \/><\/a><\/p>\n<p>El pr\u00f3ximo viernes d\u00eda 14 y el s\u00e1bado d\u00eda 15 se va a disputar el 32 Rallye Cantabria Infinita, que ser\u00e1 la tercera prueba del Campeonato de Espa\u00f1a de Rallyes de Asfalto 2010.<\/p>\n<p>En la salida estar\u00e1 presente el piloto bizkaino Xabier Lujua acompa\u00f1ado en esta ocasi\u00f3n por Jes\u00fas Estrada, sobre un Mitsubishi EVO X, que optar\u00e1 a puestos destacados de la clasificaci\u00f3n final.<\/p>\n<p>Actualmente Lujua es tercero en la clasificaci\u00f3n de la Mitsubishi EVO CUP, a pesar de no haber podido acudir a la segunda prueba celebrada en Canarias.<\/p>\n<p>En la jornada del viernes 14 de 9:00 a 14:00 horas, se celebrar\u00e1 el Shakedown entre las localidades c\u00e1ntabras de Villacarriedo y Selaya (es un tramo de 3,36 km. para pruebas t\u00e9cnicas), en el que los pilotos har\u00e1n los \u00faltimos ajustes en los veh\u00edculos antes de la prueba, y por la tarde dar\u00e1 comienzo la competici\u00f3n, con la disputa de dos tramos cronometrados, entre los pueblos de San Roque de Rio Miera y Selaya, a partir de las 20:00 horas.<\/p>\n<p>En la jornada del s\u00e1bado se disputar\u00e1n en dos ocasiones los tramos de San Antonio-Sol\u00f3rzano (14,88 km.) a las 8:33 y 12:06 horas, Sol\u00f3rzano-Moncali\u00e1n (13,15 km.) a las 8:58 y 12:31 horas, y Vierna-Las Pilas (20,48 km.) a las 9:31 y 13:04 horas, estando previsto el fin de la prueba en Santander a las 14:24 horas.<\/p>\n","protected":false},"excerpt":{"rendered":"<p>El pr\u00f3ximo viernes d\u00eda 14 y el s\u00e1bado d\u00eda 15 se va a disputar el 32 Rallye Cantabria Infinita, que ser\u00e1 la tercera prueba del Campeonato de Espa\u00f1a de Rallyes de Asfalto 2010. En la salida estar\u00e1 presente el piloto bizkaino Xabier Lujua acompa\u00f1ado en esta ocasi\u00f3n por Jes\u00fas Estrada, sobre un Mitsubishi EVO X, [&hellip;]<\/p>\n","protected":false},"author":1,"featured_media":0,"comment_status":"closed","ping_status":"open","sticky":false,"template":"","format":"standard","meta":{"footnotes":""},"categories":[10,54,5,4],"tags":[],"class_list":["post-227","post","type-post","status-publish","format-standard","hentry","category-cantabria","category-lujua","category-nacional","category-rallyes"],"_links":{"self":[{"href":"https:\/\/www.mfoto.es\/noticias\/index.php?rest_route=\/wp\/v2\/posts\/227","targetHints":{"allow":["GET"]}}],"collection":[{"href":"https:\/\/www.mfoto.es\/noticias\/index.php?rest_route=\/wp\/v2\/posts"}],"about":[{"href":"https:\/\/www.mfoto.es\/noticias\/index.php?rest_route=\/wp\/v2\/types\/post"}],"author":[{"embeddable":true,"href":"https:\/\/www.mfoto.es\/noticias\/index.php?rest_route=\/wp\/v2\/users\/1"}],"replies":[{"embeddable":true,"href":"https:\/\/www.mfoto.es\/noticias\/index.php?rest_route=%2Fwp%2Fv2%2Fcomments&post=227"}],"version-history":[{"count":0,"href":"https:\/\/www.mfoto.es\/noticias\/index.php?rest_route=\/wp\/v2\/posts\/227\/revisions"}],"wp:attachment":[{"href":"https:\/\/www.mfoto.es\/noticias\/index.php?rest_route=%2Fwp%2Fv2%2Fmedia&parent=227"}],"wp:term":[{"taxonomy":"category","embeddable":true,"href":"https:\/\/www.mfoto.es\/noticias\/index.php?rest_route=%2Fwp%2Fv2%2Fcategories&post=227"},{"taxonomy":"post_tag","embeddable":true,"href":"https:\/\/www.mfoto.es\/noticias\/index.php?rest_route=%2Fwp%2Fv2%2Ftags&post=227"}],"curies":[{"name":"wp","href":"https:\/\/api.w.org\/{rel}","templated":true}]}}