{"id":2261,"date":"2014-05-05T17:26:57","date_gmt":"2014-05-05T16:26:57","guid":{"rendered":"http:\/\/www.mfoto.es\/noticias\/?p=2261"},"modified":"2015-04-10T18:29:43","modified_gmt":"2015-04-10T17:29:43","slug":"foronda-y-rodas-ganan-el-rallyestone-2014","status":"publish","type":"post","link":"https:\/\/www.mfoto.es\/noticias\/?p=2261","title":{"rendered":"Foronda y Rodas ganan el Rallyestone 2014"},"content":{"rendered":"<p><img loading=\"lazy\" decoding=\"async\" class=\"alignleft\" alt=\"\" src=\"https:\/\/www.mfoto.es\/logos\/foto.gif\" width=\"50\" height=\"36\" \/><\/p>\n<p><strong><a href=\"https:\/\/www.mfoto.es\/fotos\/2014\/008_rallyestone\/\">FOTOS RALLYESTONE<\/a><\/strong><\/p>\n<p><img loading=\"lazy\" decoding=\"async\" class=\"alignnone size-full wp-image-2263\" alt=\"112_foronda_rallyestone\" src=\"https:\/\/www.mfoto.es\/noticias\/wp-content\/uploads_2012\/112_foronda_rallyestone.jpg\" width=\"450\" height=\"300\" srcset=\"https:\/\/www.mfoto.es\/noticias\/wp-content\/uploads_2012\/112_foronda_rallyestone.jpg 450w, https:\/\/www.mfoto.es\/noticias\/wp-content\/uploads_2012\/112_foronda_rallyestone-300x200.jpg 300w\" sizes=\"auto, (max-width: 450px) 100vw, 450px\" \/><\/p>\n<p>El Rallyestone 2014, organizado por la Real Pe\u00f1a Motorista Vizcaya y disputado por las carreteras de Bizkaia y Cantabria, con casi 900 kil\u00f3metros de recorrido, celebraba este a\u00f1o el 40 aniversario de la victoria en el Rallye Firestone del piloto alem\u00e1n Walter R\u00f6hrl, que m\u00e1s tarde ser\u00eda dos veces campe\u00f3n del mundo de rallyes.<\/p>\n<p>La prueba terminaba con la victoria de Txema Foronda y Pilar Rodas con un BMW 325ix, les segu\u00edan en el podio F\u00e9lix Colina y Pablo Albo con un Ford Escort MK II e Iker Reketa y Koldo Cepeda con un VW Golf GTI.<\/p>\n<p><em>Clasificaci\u00f3n Rallyestone 2014:<\/em><br \/>\n1\u00ba Foronda-Rodas (BMW E30 325IX) 109.9 puntos<br \/>\n2\u00ba Colina-Albo (Ford Escort MKII) 127.8 p.<br \/>\n3\u00ba Reketa-Cepeda (VW Golf GTI) 134.3 p.<br \/>\n4\u00ba Pindado-De Pablos (Porsche 911 SC) 139.6 p.<br \/>\n5\u00ba L\u00f3pez-Guti\u00e9rrez (VW Golf GTI) 142.0 p.<\/p>\n","protected":false},"excerpt":{"rendered":"<p>FOTOS RALLYESTONE El Rallyestone 2014, organizado por la Real Pe\u00f1a Motorista Vizcaya y disputado por las carreteras de Bizkaia y Cantabria, con casi 900 kil\u00f3metros de recorrido, celebraba este a\u00f1o el 40 aniversario de la victoria en el Rallye Firestone del piloto alem\u00e1n Walter R\u00f6hrl, que m\u00e1s tarde ser\u00eda dos veces campe\u00f3n del mundo de [&hellip;]<\/p>\n","protected":false},"author":1,"featured_media":0,"comment_status":"closed","ping_status":"closed","sticky":false,"template":"","format":"standard","meta":{"footnotes":""},"categories":[139,57,9,10,16,67,4,13],"tags":[],"class_list":["post-2261","post","type-post","status-publish","format-standard","hentry","category-139","category-bilbao","category-bizkaia","category-cantabria","category-clasicos","category-foronda","category-rallyes","category-regularidad"],"_links":{"self":[{"href":"https:\/\/www.mfoto.es\/noticias\/index.php?rest_route=\/wp\/v2\/posts\/2261","targetHints":{"allow":["GET"]}}],"collection":[{"href":"https:\/\/www.mfoto.es\/noticias\/index.php?rest_route=\/wp\/v2\/posts"}],"about":[{"href":"https:\/\/www.mfoto.es\/noticias\/index.php?rest_route=\/wp\/v2\/types\/post"}],"author":[{"embeddable":true,"href":"https:\/\/www.mfoto.es\/noticias\/index.php?rest_route=\/wp\/v2\/users\/1"}],"replies":[{"embeddable":true,"href":"https:\/\/www.mfoto.es\/noticias\/index.php?rest_route=%2Fwp%2Fv2%2Fcomments&post=2261"}],"version-history":[{"count":3,"href":"https:\/\/www.mfoto.es\/noticias\/index.php?rest_route=\/wp\/v2\/posts\/2261\/revisions"}],"predecessor-version":[{"id":2272,"href":"https:\/\/www.mfoto.es\/noticias\/index.php?rest_route=\/wp\/v2\/posts\/2261\/revisions\/2272"}],"wp:attachment":[{"href":"https:\/\/www.mfoto.es\/noticias\/index.php?rest_route=%2Fwp%2Fv2%2Fmedia&parent=2261"}],"wp:term":[{"taxonomy":"category","embeddable":true,"href":"https:\/\/www.mfoto.es\/noticias\/index.php?rest_route=%2Fwp%2Fv2%2Fcategories&post=2261"},{"taxonomy":"post_tag","embeddable":true,"href":"https:\/\/www.mfoto.es\/noticias\/index.php?rest_route=%2Fwp%2Fv2%2Ftags&post=2261"}],"curies":[{"name":"wp","href":"https:\/\/api.w.org\/{rel}","templated":true}]}}