{"id":2219,"date":"2014-02-09T18:44:22","date_gmt":"2014-02-09T17:44:22","guid":{"rendered":"http:\/\/www.mfoto.es\/noticias\/?p=2219"},"modified":"2015-04-10T18:32:02","modified_gmt":"2015-04-10T17:32:02","slug":"entrega-de-premios-de-la-federacion-bizkaina-de-automovilismo","status":"publish","type":"post","link":"https:\/\/www.mfoto.es\/noticias\/?p=2219","title":{"rendered":"Entrega de Premios de la Federaci\u00f3n Bizkaina de Automovilismo"},"content":{"rendered":"<p><img loading=\"lazy\" decoding=\"async\" class=\"alignleft\" alt=\"\" src=\"https:\/\/www.mfoto.es\/logos\/foto.gif\" width=\"50\" height=\"36\" \/><\/p>\n<p><strong><a href=\"https:\/\/www.mfoto.es\/fotos\/2014\/001_gala_bizkaina\/\">FOTOS ENTREGA DE PREMIOS<\/a><\/strong><\/p>\n<p><img loading=\"lazy\" decoding=\"async\" class=\"alignnone size-full wp-image-2220\" alt=\"105_gala_bizkaina\" src=\"https:\/\/www.mfoto.es\/noticias\/wp-content\/uploads_2012\/105_gala_bizkaina.jpg\" width=\"450\" height=\"300\" srcset=\"https:\/\/www.mfoto.es\/noticias\/wp-content\/uploads_2012\/105_gala_bizkaina.jpg 450w, https:\/\/www.mfoto.es\/noticias\/wp-content\/uploads_2012\/105_gala_bizkaina-300x200.jpg 300w\" sizes=\"auto, (max-width: 450px) 100vw, 450px\" \/><\/p>\n<p>La Federaci\u00f3n Bizkaina de Automovilismo celebraba este fin semana la entrega de trofeos de los Campeonatos Bizkainos 2013, en el Gran Casino de Bilbao.<\/p>\n<p>Los principales galardonados eran Jorge Rodr\u00edguez y Oihane Ituarte (Campeones de Rallyes),\u00a0Iker Gayoso y Diego Fern\u00e1ndez (Campeones de Rallysprint) y Ra\u00fal P\u00e9rez (Campe\u00f3n de Slalom).<\/p>\n<p>Se entregaron numerosos trofeos a los primeros clasificados de las diferentes categor\u00edas de cada campeonato, con la presencia de Iker Torrontegi, presidente de la Federaci\u00f3n Bizkaina de Automovilismo, Pedro Urien de Abadi\u00f1o Karting Taldea, Hibai Bilbao de Gernika Racing Elkartea, Aketza Santacoloma de Durangalde Racing y Jos\u00e9 Felipe M\u00fagica de la Escuder\u00eda Nervi\u00f3n.<\/p>\n<p>Tambi\u00e9n hubo un reconocimiento a los deportistas con actuaciones destacadas en campeonatos nacionales y europeos, Igor Urien por su temporada en el Campeonato Europeo de F\u00f3rmula 3, Gorka Antxustegi por su temporada en el Campeonato de Espa\u00f1a de Rallyes y Arkaitz Uranga por su temporada en el Campeonato de Espa\u00f1a de Autocross.<\/p>\n<p>El acto finalizaba con el habitual lunch para los invitados, donde se comentaba la temporada pasada y los planes para la actual.<\/p>\n","protected":false},"excerpt":{"rendered":"<p>FOTOS ENTREGA DE PREMIOS La Federaci\u00f3n Bizkaina de Automovilismo celebraba este fin semana la entrega de trofeos de los Campeonatos Bizkainos 2013, en el Gran Casino de Bilbao. Los principales galardonados eran Jorge Rodr\u00edguez y Oihane Ituarte (Campeones de Rallyes),\u00a0Iker Gayoso y Diego Fern\u00e1ndez (Campeones de Rallysprint) y Ra\u00fal P\u00e9rez (Campe\u00f3n de Slalom). Se entregaron [&hellip;]<\/p>\n","protected":false},"author":1,"featured_media":0,"comment_status":"closed","ping_status":"closed","sticky":false,"template":"","format":"standard","meta":{"footnotes":""},"categories":[139,51,9,55,4,50],"tags":[],"class_list":["post-2219","post","type-post","status-publish","format-standard","hentry","category-139","category-antxustegi","category-bizkaia","category-gayoso","category-rallyes","category-slalom"],"_links":{"self":[{"href":"https:\/\/www.mfoto.es\/noticias\/index.php?rest_route=\/wp\/v2\/posts\/2219","targetHints":{"allow":["GET"]}}],"collection":[{"href":"https:\/\/www.mfoto.es\/noticias\/index.php?rest_route=\/wp\/v2\/posts"}],"about":[{"href":"https:\/\/www.mfoto.es\/noticias\/index.php?rest_route=\/wp\/v2\/types\/post"}],"author":[{"embeddable":true,"href":"https:\/\/www.mfoto.es\/noticias\/index.php?rest_route=\/wp\/v2\/users\/1"}],"replies":[{"embeddable":true,"href":"https:\/\/www.mfoto.es\/noticias\/index.php?rest_route=%2Fwp%2Fv2%2Fcomments&post=2219"}],"version-history":[{"count":6,"href":"https:\/\/www.mfoto.es\/noticias\/index.php?rest_route=\/wp\/v2\/posts\/2219\/revisions"}],"predecessor-version":[{"id":2226,"href":"https:\/\/www.mfoto.es\/noticias\/index.php?rest_route=\/wp\/v2\/posts\/2219\/revisions\/2226"}],"wp:attachment":[{"href":"https:\/\/www.mfoto.es\/noticias\/index.php?rest_route=%2Fwp%2Fv2%2Fmedia&parent=2219"}],"wp:term":[{"taxonomy":"category","embeddable":true,"href":"https:\/\/www.mfoto.es\/noticias\/index.php?rest_route=%2Fwp%2Fv2%2Fcategories&post=2219"},{"taxonomy":"post_tag","embeddable":true,"href":"https:\/\/www.mfoto.es\/noticias\/index.php?rest_route=%2Fwp%2Fv2%2Ftags&post=2219"}],"curies":[{"name":"wp","href":"https:\/\/api.w.org\/{rel}","templated":true}]}}