{"id":2179,"date":"2013-11-25T18:51:44","date_gmt":"2013-11-25T17:51:44","guid":{"rendered":"http:\/\/www.mfoto.es\/noticias\/?p=2179"},"modified":"2015-04-10T18:32:28","modified_gmt":"2015-04-10T17:32:28","slug":"antxustegi-gana-el-campeonato-de-conductores-y-la-copa-de-espana-de-dos-ruedas-motrices","status":"publish","type":"post","link":"https:\/\/www.mfoto.es\/noticias\/?p=2179","title":{"rendered":"Antxustegi gana el Campeonato de Conductores y la Copa de Espa\u00f1a de Dos Ruedas Motrices"},"content":{"rendered":"<table border=\"0\" width=\"450\" cellpadding=\"0\" bordercolor=\"#000000\" style=\"border-collapse: collapse\">\n<tr>\n<td width=\"55\" height=\"45\">\n<p align=\"center\">\n<img loading=\"lazy\" decoding=\"async\" border=\"0\" src=\"https:\/\/www.mfoto.es\/logos\/foto.gif\" width=\"50\" height=\"36\" align=\"bottom\"><\/td>\n<td height=\"45\" width=\"395\"><font face=\"Verdana\" size=\"2\">&nbsp;<b><a href=\"https:\/\/www.mfoto.es\/fotos\/2013\/028_madrid\/\">FOTOS RALLYE COMUNIDAD DE MADRID<\/a><\/b><\/font><\/td>\n<\/tr>\n<tr>\n<td valign=\"bottom\" colspan=\"2\" height=\"300\">\n<img loading=\"lazy\" decoding=\"async\" border=\"0\" src=\"https:\/\/www.mfoto.es\/noticias\/wp-content\/uploads_2012\/104_antxustegi_madrid.jpg\" width=\"450\" height=\"300\"><\/td>\n<\/tr>\n<\/table>\n<p>La celebraci\u00f3n del Rallye Comunidad de Madrid-RACE pon\u00eda fin a la actual temporada del campeonato nacional de rallyes de asfalto y los seis equipos vascos presentes en la prueba consegu\u00edan resultados desiguales.<\/p>\n<p>El mejor situado era, una vez m\u00e1s, Gorka Antxustegi con el Suzuki Swift S1600, que aunque romp\u00eda un palier y se retrasaba, consegu\u00eda terminar en la novena posici\u00f3n de la clasificaci\u00f3n general. Esta posici\u00f3n le bastaba para conseguir los t\u00edtulos de Campe\u00f3n de Espa\u00f1a de Conductores de las Categor\u00edas 2-3-4 y la Copa de Espa\u00f1a de Dos Ruedas Motrices.<\/p>\n<p>Los dem\u00e1s pilotos vascos consegu\u00edan terminar la prueba m\u00e1s retrasados, Jon Arregi e Igor Arriaran con Fiat Punto Evo en la vigesimonovena posici\u00f3n, Iker Tolosa y Jon Olano con un Citro\u00ebn Saxo VTS en la trig\u00e9simo cuarta plaza y Natxo Zuloaga y Jon Ugaldeberere con otro Fiat Punto Evo, en la trig\u00e9simo s\u00e9ptima plaza. Mala suerte para Alberto Alonso y Alex segura que abandonaron pronto la prueba por problemas mec\u00e1nicos en su Fiat Punto. Tambi\u00e9n terminaban en la decimoprimera posici\u00f3n Aitor e Inhar Hoyos con un BMW M3 E30 en el Gr.A Legend Rallye que se disputaba paralelamente al Rallye Comunidad de Madrid.<\/p>\n<p>La victoria de la prueba fue para el asturiano Jos\u00e9 Antonio Su\u00e1rez \u201cCohete\u201d con un Mitsubishi Evo IX.<\/p>\n<p><em>Clasificaci\u00f3n Final Rallye Comunidad de Madrid:<\/em><br \/>\n1\u00ba Su\u00e1rez-Marcos (Mitsubishi Evo IX) 1:23:20.6<br \/>\n2\u00ba Meira-V\u00e1zquez (Mitsubishi Evo X) +1.2<br \/>\n3\u00ba Mu\u00f1iz-Blanco (Porsche 997 GT3) +23.7<br \/>\n&#8212;&#8212;&#8212;&#8212;&#8212;&#8212;&#8212;&#8212;&#8212;&#8212;&#8212;&#8212;&#8212;&#8212;&#8212;&#8212;&#8212;&#8212;&#8212;&#8211;<br \/>\n<b>9\u00ba Antxustegi-Iglesias (Suzuki Swift S1600) +5:42.4<\/b><br \/>\n<b>29\u00ba Arregi-Arriaran (Fiat Punto Evo) +17:30.5<\/b><br \/>\n<b>34\u00ba Tolosa-Olano (Citroen Saxo VTS) +20:22.8<\/b><br \/>\n<b>37\u00ba Zuloaga-Ugaldebere (Fiat Punto Evo) +21:18.7<\/b><br \/>\n<b>RET Alonso-Segura (Fiat Punto Evo)<\/b><\/p>\n","protected":false},"excerpt":{"rendered":"<p>&nbsp;FOTOS RALLYE COMUNIDAD DE MADRID La celebraci\u00f3n del Rallye Comunidad de Madrid-RACE pon\u00eda fin a la actual temporada del campeonato nacional de rallyes de asfalto y los seis equipos vascos presentes en la prueba consegu\u00edan resultados desiguales. El mejor situado era, una vez m\u00e1s, Gorka Antxustegi con el Suzuki Swift S1600, que aunque romp\u00eda un [&hellip;]<\/p>\n","protected":false},"author":1,"featured_media":0,"comment_status":"closed","ping_status":"closed","sticky":false,"template":"","format":"standard","meta":{"footnotes":""},"categories":[140,63,51,34,65,116,4,115],"tags":[],"class_list":["post-2179","post","type-post","status-publish","format-standard","hentry","category-140","category-alonso","category-antxustegi","category-madrid","category-meira","category-muniz","category-rallyes","category-suarez"],"_links":{"self":[{"href":"https:\/\/www.mfoto.es\/noticias\/index.php?rest_route=\/wp\/v2\/posts\/2179","targetHints":{"allow":["GET"]}}],"collection":[{"href":"https:\/\/www.mfoto.es\/noticias\/index.php?rest_route=\/wp\/v2\/posts"}],"about":[{"href":"https:\/\/www.mfoto.es\/noticias\/index.php?rest_route=\/wp\/v2\/types\/post"}],"author":[{"embeddable":true,"href":"https:\/\/www.mfoto.es\/noticias\/index.php?rest_route=\/wp\/v2\/users\/1"}],"replies":[{"embeddable":true,"href":"https:\/\/www.mfoto.es\/noticias\/index.php?rest_route=%2Fwp%2Fv2%2Fcomments&post=2179"}],"version-history":[{"count":32,"href":"https:\/\/www.mfoto.es\/noticias\/index.php?rest_route=\/wp\/v2\/posts\/2179\/revisions"}],"predecessor-version":[{"id":2215,"href":"https:\/\/www.mfoto.es\/noticias\/index.php?rest_route=\/wp\/v2\/posts\/2179\/revisions\/2215"}],"wp:attachment":[{"href":"https:\/\/www.mfoto.es\/noticias\/index.php?rest_route=%2Fwp%2Fv2%2Fmedia&parent=2179"}],"wp:term":[{"taxonomy":"category","embeddable":true,"href":"https:\/\/www.mfoto.es\/noticias\/index.php?rest_route=%2Fwp%2Fv2%2Fcategories&post=2179"},{"taxonomy":"post_tag","embeddable":true,"href":"https:\/\/www.mfoto.es\/noticias\/index.php?rest_route=%2Fwp%2Fv2%2Ftags&post=2179"}],"curies":[{"name":"wp","href":"https:\/\/api.w.org\/{rel}","templated":true}]}}