{"id":2174,"date":"2013-11-25T17:27:49","date_gmt":"2013-11-25T16:27:49","guid":{"rendered":"http:\/\/www.mfoto.es\/noticias\/?p=2174"},"modified":"2013-12-02T20:43:14","modified_gmt":"2013-12-02T19:43:14","slug":"victoria-apretada-de-suarez-en-el-rallye-comunidad-de-madrid","status":"publish","type":"post","link":"https:\/\/www.mfoto.es\/noticias\/?p=2174","title":{"rendered":"Victoria apretada de Su\u00e1rez en el Rallye Comunidad de Madrid"},"content":{"rendered":"<table border=\"0\" width=\"450\" cellpadding=\"0\" bordercolor=\"#000000\" style=\"border-collapse: collapse\">\n<tr>\n<td width=\"55\" height=\"45\">\n<p align=\"center\">\n<img loading=\"lazy\" decoding=\"async\" border=\"0\" src=\"https:\/\/www.mfoto.es\/logos\/foto.gif\" width=\"50\" height=\"36\" align=\"bottom\"><\/td>\n<td height=\"45\" width=\"395\"><font face=\"Verdana\" size=\"2\">&nbsp;<b><a href=\"https:\/\/www.mfoto.es\/fotos\/2013\/028_madrid\/\">FOTOS RALLYE COMUNIDAD DE MADRID<\/a><\/b><\/font><\/td>\n<\/tr>\n<tr>\n<td valign=\"bottom\" colspan=\"2\" height=\"300\">\n<img loading=\"lazy\" decoding=\"async\" border=\"0\" src=\"https:\/\/www.mfoto.es\/noticias\/wp-content\/uploads_2012\/103_cohete_madrid.jpg\" width=\"450\" height=\"300\">\n<\/td>\n<\/tr>\n<\/table>\n<p>Jos\u00e9 Antonio Su\u00e1rez \u00abCohete\u00bb consegu\u00eda su primera victoria en una prueba del nacional de asfalto con un Mitsubishi Evo IX, aventajando en s\u00f3lo 1,2 segundos a Alberto Meira, que con un Mitsubishi Evo X encabez\u00f3 la clasificaci\u00f3n durante diez de los trece tramos cronometrados del Rallye Comunidad de Madrid. La tercera posici\u00f3n tambi\u00e9n estuvo muy re\u00f1ida y en la \u00faltima pasada al Jarama, Alvaro Mu\u00f1iz con un Porsche GT3 adelantaba a Xevi Pons que llevaba un Skoda S2000.<\/p>\n<p>En las copas de promoci\u00f3n, las victorias eran para Joel Guerrero en la Copa Suzuki, para Diego Pinilla en la Challenge Renault Twingo y para Jose Antonio Su\u00e1rez la Mitsubishi Evo Cup.<\/p>\n<p><em>Clasificaci\u00f3n Final Rallye Comunidad de Madrid<\/em><br \/>\n1\u00ba Su\u00e1rez-Marcos (Mitsubishi Evo IX) 1:23:20.6<br \/>\n2\u00ba Meira-V\u00e1zquez (Mitsubishi Evo X) +1.2<br \/>\n3\u00ba Mu\u00f1iz-Blanco (Porsche 997 GT3) +23.7<br \/>\n4\u00ba Pons-Amigo (Skoda Fabia S2000) +31.2<br \/>\n5\u00ba Monarri-Sanjuan (Mitsubishi Evo X) +53.8<\/p>\n","protected":false},"excerpt":{"rendered":"<p>&nbsp;FOTOS RALLYE COMUNIDAD DE MADRID Jos\u00e9 Antonio Su\u00e1rez \u00abCohete\u00bb consegu\u00eda su primera victoria en una prueba del nacional de asfalto con un Mitsubishi Evo IX, aventajando en s\u00f3lo 1,2 segundos a Alberto Meira, que con un Mitsubishi Evo X encabez\u00f3 la clasificaci\u00f3n durante diez de los trece tramos cronometrados del Rallye Comunidad de Madrid. La [&hellip;]<\/p>\n","protected":false},"author":1,"featured_media":0,"comment_status":"closed","ping_status":"closed","sticky":false,"template":"","format":"standard","meta":{"footnotes":""},"categories":[34,65,116,5,99,4,115],"tags":[],"class_list":["post-2174","post","type-post","status-publish","format-standard","hentry","category-madrid","category-meira","category-muniz","category-nacional","category-pons","category-rallyes","category-suarez"],"_links":{"self":[{"href":"https:\/\/www.mfoto.es\/noticias\/index.php?rest_route=\/wp\/v2\/posts\/2174","targetHints":{"allow":["GET"]}}],"collection":[{"href":"https:\/\/www.mfoto.es\/noticias\/index.php?rest_route=\/wp\/v2\/posts"}],"about":[{"href":"https:\/\/www.mfoto.es\/noticias\/index.php?rest_route=\/wp\/v2\/types\/post"}],"author":[{"embeddable":true,"href":"https:\/\/www.mfoto.es\/noticias\/index.php?rest_route=\/wp\/v2\/users\/1"}],"replies":[{"embeddable":true,"href":"https:\/\/www.mfoto.es\/noticias\/index.php?rest_route=%2Fwp%2Fv2%2Fcomments&post=2174"}],"version-history":[{"count":5,"href":"https:\/\/www.mfoto.es\/noticias\/index.php?rest_route=\/wp\/v2\/posts\/2174\/revisions"}],"predecessor-version":[{"id":2214,"href":"https:\/\/www.mfoto.es\/noticias\/index.php?rest_route=\/wp\/v2\/posts\/2174\/revisions\/2214"}],"wp:attachment":[{"href":"https:\/\/www.mfoto.es\/noticias\/index.php?rest_route=%2Fwp%2Fv2%2Fmedia&parent=2174"}],"wp:term":[{"taxonomy":"category","embeddable":true,"href":"https:\/\/www.mfoto.es\/noticias\/index.php?rest_route=%2Fwp%2Fv2%2Fcategories&post=2174"},{"taxonomy":"post_tag","embeddable":true,"href":"https:\/\/www.mfoto.es\/noticias\/index.php?rest_route=%2Fwp%2Fv2%2Ftags&post=2174"}],"curies":[{"name":"wp","href":"https:\/\/api.w.org\/{rel}","templated":true}]}}