{"id":2169,"date":"2013-11-21T10:35:39","date_gmt":"2013-11-21T09:35:39","guid":{"rendered":"http:\/\/www.mfoto.es\/noticias\/?p=2169"},"modified":"2013-11-21T10:36:27","modified_gmt":"2013-11-21T09:36:27","slug":"seis-equipos-vascos-participaran-en-el-rallye-comunidad-de-madrid-race","status":"publish","type":"post","link":"https:\/\/www.mfoto.es\/noticias\/?p=2169","title":{"rendered":"Seis equipos vascos participar\u00e1n en el Rallye Comunidad de Madrid-RACE"},"content":{"rendered":"<p><img loading=\"lazy\" decoding=\"async\" class=\"alignnone size-full wp-image-2170\" alt=\"102_zuloaga_madrid\" src=\"https:\/\/www.mfoto.es\/noticias\/wp-content\/uploads_2012\/102_zuloaga_madrid.jpg\" width=\"450\" height=\"300\" srcset=\"https:\/\/www.mfoto.es\/noticias\/wp-content\/uploads_2012\/102_zuloaga_madrid.jpg 450w, https:\/\/www.mfoto.es\/noticias\/wp-content\/uploads_2012\/102_zuloaga_madrid-300x200.jpg 300w\" sizes=\"auto, (max-width: 450px) 100vw, 450px\" \/><\/p>\n<p>El pr\u00f3ximo viernes y s\u00e1bado se celebrar\u00e1 en Madrid la \u00faltima prueba del Campeonato de Espa\u00f1a de Rallyes 2013, con salida y llegada en el Circuito del Jarama y con 108 equipos participantes.<\/p>\n<p>La prueba punt\u00faa para el Campeonato de Espa\u00f1a de Rallyes, para el Campeonato auton\u00f3mico de Madrid y como otros a\u00f1os, saldr\u00e1n los veh\u00edculos cl\u00e1sicos en el Gr.A Legend Rallye.<\/p>\n<p>Hay seis equipos vascos inscritos, en la categor\u00eda nacional Gorka Antxustegi-Alberto Iglesias con el Suzuki Swift S1600 del equipo oficial, actualmente l\u00edder de la Copa de Espa\u00f1a de Dos Ruedas Motrices y quinto en la clasificaci\u00f3n general del Campeonato de Espa\u00f1a, Jon Arregi-Igor Arriaran, Alberto Alonso-Alex Segura y Natxo Zuloaga-Jon Ugaldebere, los tres equipos con sendos Abarth Punto Evo, Iker Tolosa-Jon Olano con Citroen Saxo VTS y Aitor Hoyos-Inhar Hoyos que disputar\u00e1n el Gr.A Legend Rallye con su BMW M3 E30 cl\u00e1sico.<\/p>\n<p>En el Rallye Comunidad de Madrid-RACE se recorrer\u00e1n 795 km. con diez tramos cronometrados, Torrelaguna-La Cabrera, Robledillo-La Puebla, el Circuito del Jarama, Madarquillos y Canencia Norte, que sumar\u00e1n 153 km. de tramos de velocidad.<\/p>\n<p>La salida de la prueba ser\u00e1 el viernes 22 a las 17:00 horas y el p\u00f3dium fin de rallye, el s\u00e1bado 23 a partir de las 18:14 horas, todo en las instalaciones del Circuito del Jarama.<\/p>\n<p>M\u00e1s informaci\u00f3n:<\/p>\n<p><a href=\"http:\/\/www.jarama.org\/opencms\/opencms\/Jarama\/web\/PruebasDeportivas\/IV_Rally_CAM-RACE\" target=\"_blank\">IV Rallye Comunidad de Madrid-RACE<\/a><\/p>\n<p>&nbsp;<\/p>\n","protected":false},"excerpt":{"rendered":"<p>El pr\u00f3ximo viernes y s\u00e1bado se celebrar\u00e1 en Madrid la \u00faltima prueba del Campeonato de Espa\u00f1a de Rallyes 2013, con salida y llegada en el Circuito del Jarama y con 108 equipos participantes. La prueba punt\u00faa para el Campeonato de Espa\u00f1a de Rallyes, para el Campeonato auton\u00f3mico de Madrid y como otros a\u00f1os, saldr\u00e1n los [&hellip;]<\/p>\n","protected":false},"author":1,"featured_media":0,"comment_status":"closed","ping_status":"closed","sticky":false,"template":"","format":"standard","meta":{"footnotes":""},"categories":[63,51,34,5,4],"tags":[],"class_list":["post-2169","post","type-post","status-publish","format-standard","hentry","category-alonso","category-antxustegi","category-madrid","category-nacional","category-rallyes"],"_links":{"self":[{"href":"https:\/\/www.mfoto.es\/noticias\/index.php?rest_route=\/wp\/v2\/posts\/2169","targetHints":{"allow":["GET"]}}],"collection":[{"href":"https:\/\/www.mfoto.es\/noticias\/index.php?rest_route=\/wp\/v2\/posts"}],"about":[{"href":"https:\/\/www.mfoto.es\/noticias\/index.php?rest_route=\/wp\/v2\/types\/post"}],"author":[{"embeddable":true,"href":"https:\/\/www.mfoto.es\/noticias\/index.php?rest_route=\/wp\/v2\/users\/1"}],"replies":[{"embeddable":true,"href":"https:\/\/www.mfoto.es\/noticias\/index.php?rest_route=%2Fwp%2Fv2%2Fcomments&post=2169"}],"version-history":[{"count":3,"href":"https:\/\/www.mfoto.es\/noticias\/index.php?rest_route=\/wp\/v2\/posts\/2169\/revisions"}],"predecessor-version":[{"id":2173,"href":"https:\/\/www.mfoto.es\/noticias\/index.php?rest_route=\/wp\/v2\/posts\/2169\/revisions\/2173"}],"wp:attachment":[{"href":"https:\/\/www.mfoto.es\/noticias\/index.php?rest_route=%2Fwp%2Fv2%2Fmedia&parent=2169"}],"wp:term":[{"taxonomy":"category","embeddable":true,"href":"https:\/\/www.mfoto.es\/noticias\/index.php?rest_route=%2Fwp%2Fv2%2Fcategories&post=2169"},{"taxonomy":"post_tag","embeddable":true,"href":"https:\/\/www.mfoto.es\/noticias\/index.php?rest_route=%2Fwp%2Fv2%2Ftags&post=2169"}],"curies":[{"name":"wp","href":"https:\/\/api.w.org\/{rel}","templated":true}]}}