{"id":2145,"date":"2013-10-27T17:34:43","date_gmt":"2013-10-27T16:34:43","guid":{"rendered":"http:\/\/www.mfoto.es\/noticias\/?p=2145"},"modified":"2013-10-29T12:06:14","modified_gmt":"2013-10-29T11:06:14","slug":"arronte-gana-el-rallysprint-de-medio-cudeyo","status":"publish","type":"post","link":"https:\/\/www.mfoto.es\/noticias\/?p=2145","title":{"rendered":"Arronte gana el Rallysprint de Medio Cudeyo"},"content":{"rendered":"<p><img loading=\"lazy\" decoding=\"async\" class=\"alignleft\" alt=\"\" src=\"https:\/\/www.mfoto.es\/logos\/foto.gif\" width=\"50\" height=\"36\" \/><\/p>\n<p><strong><a href=\"https:\/\/www.mfoto.es\/fotos\/2013\/024_medio_cudeyo\/\">FOTOS RALLYSPRINT MEDIO CUDEYO<\/a><\/strong><\/p>\n<p><img loading=\"lazy\" decoding=\"async\" class=\"alignnone size-full wp-image-2146\" alt=\"098_arronte_medio_cudeyo\" src=\"https:\/\/www.mfoto.es\/noticias\/wp-content\/uploads_2012\/098_arronte_medio_cudeyo.jpg\" width=\"450\" height=\"300\" srcset=\"https:\/\/www.mfoto.es\/noticias\/wp-content\/uploads_2012\/098_arronte_medio_cudeyo.jpg 450w, https:\/\/www.mfoto.es\/noticias\/wp-content\/uploads_2012\/098_arronte_medio_cudeyo-300x200.jpg 300w\" sizes=\"auto, (max-width: 450px) 100vw, 450px\" \/><\/p>\n<p>Jos\u00e9 Ram\u00f3n Arronte y Diego Caparr\u00f3s ganaban sin discusi\u00f3n, con su Mitsubishi Evo V, el Rallysprint de Medio\u00a0Cudeyo tras imponerse en todos los tramos. La segunda plaza iba a parar a manos de Marcos Diego y Juan Rodr\u00edguez\u00a0que llevaban un BMW Compact F2000 a 26,5 segundos, tras el abandono de Jonathan Cabo en la \u00faltima pasada y la\u00a0tercera posici\u00f3n, a 55,4 segundos, la ocupaba el Renault Clio Sport de Manuel Garc\u00eda y Jes\u00fas M\u00aa Navarro.<\/p>\n<p><em>Clasificaci\u00f3n:<\/em><br \/>\n1\u00ba Arronte-Caparr\u00f3s (Mitsubishi Evo V) 17:16.380<br \/>\n2\u00ba Diego-Rodr\u00edguez (BMW Compact F2000) 17:42.920<br \/>\n3\u00ba Garc\u00eda-Navarro (Renault Clio Sport) 18:11.780<br \/>\n4\u00ba Iglesias-D\u00edaz (Peugeot 309 GTI) 18:13.590<br \/>\n5\u00ba Vegas-Salm\u00f3n (BMW 323i E30) 18:23.190<\/p>\n<p>&nbsp;<\/p>\n","protected":false},"excerpt":{"rendered":"<p>FOTOS RALLYSPRINT MEDIO CUDEYO Jos\u00e9 Ram\u00f3n Arronte y Diego Caparr\u00f3s ganaban sin discusi\u00f3n, con su Mitsubishi Evo V, el Rallysprint de Medio\u00a0Cudeyo tras imponerse en todos los tramos. La segunda plaza iba a parar a manos de Marcos Diego y Juan Rodr\u00edguez\u00a0que llevaban un BMW Compact F2000 a 26,5 segundos, tras el abandono de Jonathan [&hellip;]<\/p>\n","protected":false},"author":1,"featured_media":0,"comment_status":"closed","ping_status":"closed","sticky":false,"template":"","format":"standard","meta":{"footnotes":""},"categories":[111,10,112,4],"tags":[],"class_list":["post-2145","post","type-post","status-publish","format-standard","hentry","category-arronte","category-cantabria","category-diego","category-rallyes"],"_links":{"self":[{"href":"https:\/\/www.mfoto.es\/noticias\/index.php?rest_route=\/wp\/v2\/posts\/2145","targetHints":{"allow":["GET"]}}],"collection":[{"href":"https:\/\/www.mfoto.es\/noticias\/index.php?rest_route=\/wp\/v2\/posts"}],"about":[{"href":"https:\/\/www.mfoto.es\/noticias\/index.php?rest_route=\/wp\/v2\/types\/post"}],"author":[{"embeddable":true,"href":"https:\/\/www.mfoto.es\/noticias\/index.php?rest_route=\/wp\/v2\/users\/1"}],"replies":[{"embeddable":true,"href":"https:\/\/www.mfoto.es\/noticias\/index.php?rest_route=%2Fwp%2Fv2%2Fcomments&post=2145"}],"version-history":[{"count":6,"href":"https:\/\/www.mfoto.es\/noticias\/index.php?rest_route=\/wp\/v2\/posts\/2145\/revisions"}],"predecessor-version":[{"id":2153,"href":"https:\/\/www.mfoto.es\/noticias\/index.php?rest_route=\/wp\/v2\/posts\/2145\/revisions\/2153"}],"wp:attachment":[{"href":"https:\/\/www.mfoto.es\/noticias\/index.php?rest_route=%2Fwp%2Fv2%2Fmedia&parent=2145"}],"wp:term":[{"taxonomy":"category","embeddable":true,"href":"https:\/\/www.mfoto.es\/noticias\/index.php?rest_route=%2Fwp%2Fv2%2Fcategories&post=2145"},{"taxonomy":"post_tag","embeddable":true,"href":"https:\/\/www.mfoto.es\/noticias\/index.php?rest_route=%2Fwp%2Fv2%2Ftags&post=2145"}],"curies":[{"name":"wp","href":"https:\/\/api.w.org\/{rel}","templated":true}]}}