{"id":211,"date":"2010-05-07T09:11:52","date_gmt":"2010-05-07T08:11:52","guid":{"rendered":"http:\/\/www.mfoto.es\/2011\/?p=211"},"modified":"2010-05-07T09:11:52","modified_gmt":"2010-05-07T08:11:52","slug":"antxustegi-no-correra-en-cantabria","status":"publish","type":"post","link":"https:\/\/www.mfoto.es\/noticias\/?p=211","title":{"rendered":"Antxustegi no correr\u00e1 en Cantabria"},"content":{"rendered":"<p><a href=\"https:\/\/www.mfoto.es\/noticias\/wp-content\/uploads_2012\/025_antxustegi_canarias_3.jpg\"><img loading=\"lazy\" decoding=\"async\" class=\"alignnone size-full wp-image-212\" title=\"025_antxustegi_canarias_3\" src=\"https:\/\/www.mfoto.es\/noticias\/wp-content\/uploads_2012\/025_antxustegi_canarias_3.jpg\" alt=\"\" width=\"450\" height=\"300\" srcset=\"https:\/\/www.mfoto.es\/noticias\/wp-content\/uploads_2012\/025_antxustegi_canarias_3.jpg 450w, https:\/\/www.mfoto.es\/noticias\/wp-content\/uploads_2012\/025_antxustegi_canarias_3-300x200.jpg 300w\" sizes=\"auto, (max-width: 450px) 100vw, 450px\" \/><\/a><\/p>\n<p>El piloto bizkaino Gorka Antxustegi no estar\u00e1 en la salida del Rallye Cantabria-Infinita. Aunque los da\u00f1os del coche no eran importantes, como se puede ver en la foto, el poco tiempo disponible entre la prueba de Canarias y la de Cantabria, hace que sea dif\u00edcil llegar a tiempo con el veh\u00edculo reparado en perfecto estado, por ese motivo el equipo Suzuki Ib\u00e9rica ha decidido salir en el Rallye Cantabria-Infinita s\u00f3lo con la unidad de Joan Vinyes.<\/p>\n<p>Por otro lado, en el Rallye Cantabria infinita empezar\u00e1 la temporada para la Copa Suzuki Swift.<\/p>\n","protected":false},"excerpt":{"rendered":"<p>El piloto bizkaino Gorka Antxustegi no estar\u00e1 en la salida del Rallye Cantabria-Infinita. Aunque los da\u00f1os del coche no eran importantes, como se puede ver en la foto, el poco tiempo disponible entre la prueba de Canarias y la de Cantabria, hace que sea dif\u00edcil llegar a tiempo con el veh\u00edculo reparado en perfecto estado, [&hellip;]<\/p>\n","protected":false},"author":1,"featured_media":0,"comment_status":"closed","ping_status":"open","sticky":false,"template":"","format":"standard","meta":{"footnotes":""},"categories":[51,5,4],"tags":[],"class_list":["post-211","post","type-post","status-publish","format-standard","hentry","category-antxustegi","category-nacional","category-rallyes"],"_links":{"self":[{"href":"https:\/\/www.mfoto.es\/noticias\/index.php?rest_route=\/wp\/v2\/posts\/211","targetHints":{"allow":["GET"]}}],"collection":[{"href":"https:\/\/www.mfoto.es\/noticias\/index.php?rest_route=\/wp\/v2\/posts"}],"about":[{"href":"https:\/\/www.mfoto.es\/noticias\/index.php?rest_route=\/wp\/v2\/types\/post"}],"author":[{"embeddable":true,"href":"https:\/\/www.mfoto.es\/noticias\/index.php?rest_route=\/wp\/v2\/users\/1"}],"replies":[{"embeddable":true,"href":"https:\/\/www.mfoto.es\/noticias\/index.php?rest_route=%2Fwp%2Fv2%2Fcomments&post=211"}],"version-history":[{"count":0,"href":"https:\/\/www.mfoto.es\/noticias\/index.php?rest_route=\/wp\/v2\/posts\/211\/revisions"}],"wp:attachment":[{"href":"https:\/\/www.mfoto.es\/noticias\/index.php?rest_route=%2Fwp%2Fv2%2Fmedia&parent=211"}],"wp:term":[{"taxonomy":"category","embeddable":true,"href":"https:\/\/www.mfoto.es\/noticias\/index.php?rest_route=%2Fwp%2Fv2%2Fcategories&post=211"},{"taxonomy":"post_tag","embeddable":true,"href":"https:\/\/www.mfoto.es\/noticias\/index.php?rest_route=%2Fwp%2Fv2%2Ftags&post=211"}],"curies":[{"name":"wp","href":"https:\/\/api.w.org\/{rel}","templated":true}]}}