{"id":2070,"date":"2013-08-21T14:18:29","date_gmt":"2013-08-21T13:18:29","guid":{"rendered":"http:\/\/www.mfoto.es\/noticias\/?p=2070"},"modified":"2013-08-21T14:18:29","modified_gmt":"2013-08-21T13:18:29","slug":"cuatro-equipos-bizkainos-en-la-salida-del-rallye-de-ferrol","status":"publish","type":"post","link":"https:\/\/www.mfoto.es\/noticias\/?p=2070","title":{"rendered":"Cuatro equipos bizkainos en la salida del Rallye de Ferrol"},"content":{"rendered":"<p><img loading=\"lazy\" decoding=\"async\" class=\"alignnone size-full wp-image-2071\" alt=\"084_barredo_ferrol\" src=\"https:\/\/www.mfoto.es\/noticias\/wp-content\/uploads_2012\/084_barredo_ferrol.jpg\" width=\"450\" height=\"300\" srcset=\"https:\/\/www.mfoto.es\/noticias\/wp-content\/uploads_2012\/084_barredo_ferrol.jpg 450w, https:\/\/www.mfoto.es\/noticias\/wp-content\/uploads_2012\/084_barredo_ferrol-300x200.jpg 300w\" sizes=\"auto, (max-width: 450px) 100vw, 450px\" \/><\/p>\n<p>Este fin de semana se disputar\u00e1 la 44 edici\u00f3n del Rallye de Ferrol, que ser\u00e1 la quinta prueba del Campeonato de Espa\u00f1a de Rallyes 2013 y que cuenta con 57 equipos inscritos.<\/p>\n<p>Cuatro equipos bizkainos tomar\u00e1n la salida en Ferrol, Gorka Antxustegi, acompa\u00f1ado por el asturiano Alberto Iglesias, lo har\u00e1 en el Suzuki Swift S1600 del equipo oficial. Actualmente, Antxustegi ocupa con 64,5 puntos la s\u00e9ptima posici\u00f3n en la clasificaci\u00f3n general del Campeonato de Espa\u00f1a y es el l\u00edder, con 112,5 puntos, de la Copa de Espa\u00f1a de dos ruedas motrices.<\/p>\n<p>Con sendos Ford Fiesta R2 del preparador Roberto M\u00e9ndez (RMC) est\u00e1n inscritos los actuales Campeones Vascos y Bizkainos de Rallyes, Xabier Lujua y Jes\u00fas Estrada y tambi\u00e9n I\u00f1aki Barredo y Mikel Fern\u00e1ndez. Alberto Alonso y Alex Segura completan la participaci\u00f3n bizkaina a bordo de un Fiat Punto Abarth.<\/p>\n<p>En el Rallye de Ferrol se disputar\u00e1n 9 tramos, con 171 kil\u00f3metros contra el crono, para un recorrido total de 521 kil\u00f3metros. El s\u00e1bado d\u00eda 24 se disputar\u00e1n los tramos de San Sadurni\u00f1o-As Somozas, As Somozas-As Pontes-Ortigueira y Ferrol y el domingo 25 los de Vilarmaior-Monfero-Irixoa, Irixoa-Monfero y Ferrol.<\/p>\n<p>La salida ser\u00e1 en el puerto de Ferrol, el d\u00eda 24 a las 15:00 horas y la prueba terminar\u00e1 en el mismo lugar el domingo d\u00eda 25 a las 12:45 horas.<\/p>\n<p>M\u00e1s informaci\u00f3n:<\/p>\n<p><a href=\"http:\/\/rallyeferrol.com\/\" target=\"_blank\">http:\/\/rallyeferrol.com\/<\/a><\/p>\n<p>&nbsp;<\/p>\n","protected":false},"excerpt":{"rendered":"<p>Este fin de semana se disputar\u00e1 la 44 edici\u00f3n del Rallye de Ferrol, que ser\u00e1 la quinta prueba del Campeonato de Espa\u00f1a de Rallyes 2013 y que cuenta con 57 equipos inscritos. Cuatro equipos bizkainos tomar\u00e1n la salida en Ferrol, Gorka Antxustegi, acompa\u00f1ado por el asturiano Alberto Iglesias, lo har\u00e1 en el Suzuki Swift S1600 [&hellip;]<\/p>\n","protected":false},"author":1,"featured_media":0,"comment_status":"closed","ping_status":"closed","sticky":false,"template":"","format":"standard","meta":{"footnotes":""},"categories":[63,51,56,64,54,5,4],"tags":[],"class_list":["post-2070","post","type-post","status-publish","format-standard","hentry","category-alonso","category-antxustegi","category-barredo","category-galicia","category-lujua","category-nacional","category-rallyes"],"_links":{"self":[{"href":"https:\/\/www.mfoto.es\/noticias\/index.php?rest_route=\/wp\/v2\/posts\/2070","targetHints":{"allow":["GET"]}}],"collection":[{"href":"https:\/\/www.mfoto.es\/noticias\/index.php?rest_route=\/wp\/v2\/posts"}],"about":[{"href":"https:\/\/www.mfoto.es\/noticias\/index.php?rest_route=\/wp\/v2\/types\/post"}],"author":[{"embeddable":true,"href":"https:\/\/www.mfoto.es\/noticias\/index.php?rest_route=\/wp\/v2\/users\/1"}],"replies":[{"embeddable":true,"href":"https:\/\/www.mfoto.es\/noticias\/index.php?rest_route=%2Fwp%2Fv2%2Fcomments&post=2070"}],"version-history":[{"count":1,"href":"https:\/\/www.mfoto.es\/noticias\/index.php?rest_route=\/wp\/v2\/posts\/2070\/revisions"}],"predecessor-version":[{"id":2072,"href":"https:\/\/www.mfoto.es\/noticias\/index.php?rest_route=\/wp\/v2\/posts\/2070\/revisions\/2072"}],"wp:attachment":[{"href":"https:\/\/www.mfoto.es\/noticias\/index.php?rest_route=%2Fwp%2Fv2%2Fmedia&parent=2070"}],"wp:term":[{"taxonomy":"category","embeddable":true,"href":"https:\/\/www.mfoto.es\/noticias\/index.php?rest_route=%2Fwp%2Fv2%2Fcategories&post=2070"},{"taxonomy":"post_tag","embeddable":true,"href":"https:\/\/www.mfoto.es\/noticias\/index.php?rest_route=%2Fwp%2Fv2%2Ftags&post=2070"}],"curies":[{"name":"wp","href":"https:\/\/api.w.org\/{rel}","templated":true}]}}