{"id":2058,"date":"2013-06-24T15:30:05","date_gmt":"2013-06-24T14:30:05","guid":{"rendered":"http:\/\/www.mfoto.es\/noticias\/?p=2058"},"modified":"2013-06-24T15:31:16","modified_gmt":"2013-06-24T14:31:16","slug":"victoria-para-ogier-en-el-rallye-de-cerdena","status":"publish","type":"post","link":"https:\/\/www.mfoto.es\/noticias\/?p=2058","title":{"rendered":"Victoria para Ogier en el Rallye de Cerde\u00f1a"},"content":{"rendered":"<p><img loading=\"lazy\" decoding=\"async\" class=\"alignleft\" alt=\"\" src=\"https:\/\/www.mfoto.es\/logos\/foto.gif\" width=\"50\" height=\"36\" \/><\/p>\n<p><strong><a href=\"https:\/\/www.mfoto.es\/fotos\/2013\/014_sardegna\/\">FOTOS RALLYE DE CERDE\u00d1A<\/a><\/strong><\/p>\n<p><img loading=\"lazy\" decoding=\"async\" class=\"alignnone size-full wp-image-2059\" alt=\"082_ogier_sardegna\" src=\"https:\/\/www.mfoto.es\/noticias\/wp-content\/uploads_2012\/082_ogier_sardegna.jpg\" width=\"450\" height=\"300\" srcset=\"https:\/\/www.mfoto.es\/noticias\/wp-content\/uploads_2012\/082_ogier_sardegna.jpg 450w, https:\/\/www.mfoto.es\/noticias\/wp-content\/uploads_2012\/082_ogier_sardegna-300x200.jpg 300w\" sizes=\"auto, (max-width: 450px) 100vw, 450px\" \/><\/p>\n<p>Sebastien Ogier consegu\u00eda la cuarta victoria de esta temporada en el WRC, con el Volkswagen Polo, en el Rallye de Cerde\u00f1a. El belga Thierry Neuville, a 1:16.8, era el segundo clasificado con un Ford Fiesta y la tercera plaza era para el finland\u00e9s Jari-Matti Latvala con otro Volkswagen Polo, a 1:48.<\/p>\n<p><em>Clasificaci\u00f3n:<\/em><br \/>\n1\u00ba Ogier-Ingrassia (Volkswagen Polo R WRC) 3:22:57.9<br \/>\n2\u00ba Neuville-Gilsoul (Ford Fiesta RS WRC) +1:16.8<br \/>\n3\u00ba Latvala-Anttila (Volkswagen Polo R WRC) +1:48.0<br \/>\n4\u00ba Sordo-Del Barrio (Citro\u00ebn DS3 WRC)+3:19.2<br \/>\n5\u00ba Prokop-Ernst (Ford Fiesta RS WRC) +8:34.1<\/p>\n","protected":false},"excerpt":{"rendered":"<p>FOTOS RALLYE DE CERDE\u00d1A Sebastien Ogier consegu\u00eda la cuarta victoria de esta temporada en el WRC, con el Volkswagen Polo, en el Rallye de Cerde\u00f1a. El belga Thierry Neuville, a 1:16.8, era el segundo clasificado con un Ford Fiesta y la tercera plaza era para el finland\u00e9s Jari-Matti Latvala con otro Volkswagen Polo, a 1:48. [&hellip;]<\/p>\n","protected":false},"author":1,"featured_media":0,"comment_status":"closed","ping_status":"closed","sticky":false,"template":"","format":"standard","meta":{"footnotes":""},"categories":[101,100,87,4,25],"tags":[],"class_list":["post-2058","post","type-post","status-publish","format-standard","hentry","category-cerdena","category-italia","category-ogier","category-rallyes","category-wrc"],"_links":{"self":[{"href":"https:\/\/www.mfoto.es\/noticias\/index.php?rest_route=\/wp\/v2\/posts\/2058","targetHints":{"allow":["GET"]}}],"collection":[{"href":"https:\/\/www.mfoto.es\/noticias\/index.php?rest_route=\/wp\/v2\/posts"}],"about":[{"href":"https:\/\/www.mfoto.es\/noticias\/index.php?rest_route=\/wp\/v2\/types\/post"}],"author":[{"embeddable":true,"href":"https:\/\/www.mfoto.es\/noticias\/index.php?rest_route=\/wp\/v2\/users\/1"}],"replies":[{"embeddable":true,"href":"https:\/\/www.mfoto.es\/noticias\/index.php?rest_route=%2Fwp%2Fv2%2Fcomments&post=2058"}],"version-history":[{"count":2,"href":"https:\/\/www.mfoto.es\/noticias\/index.php?rest_route=\/wp\/v2\/posts\/2058\/revisions"}],"predecessor-version":[{"id":2061,"href":"https:\/\/www.mfoto.es\/noticias\/index.php?rest_route=\/wp\/v2\/posts\/2058\/revisions\/2061"}],"wp:attachment":[{"href":"https:\/\/www.mfoto.es\/noticias\/index.php?rest_route=%2Fwp%2Fv2%2Fmedia&parent=2058"}],"wp:term":[{"taxonomy":"category","embeddable":true,"href":"https:\/\/www.mfoto.es\/noticias\/index.php?rest_route=%2Fwp%2Fv2%2Fcategories&post=2058"},{"taxonomy":"post_tag","embeddable":true,"href":"https:\/\/www.mfoto.es\/noticias\/index.php?rest_route=%2Fwp%2Fv2%2Ftags&post=2058"}],"curies":[{"name":"wp","href":"https:\/\/api.w.org\/{rel}","templated":true}]}}