{"id":2050,"date":"2013-06-17T09:03:55","date_gmt":"2013-06-17T08:03:55","guid":{"rendered":"http:\/\/www.mfoto.es\/noticias\/?p=2050"},"modified":"2013-06-18T10:26:17","modified_gmt":"2013-06-18T09:26:17","slug":"antxustegi-segundo-clasificado-de-dos-ruedas-motrices-en-el-rallye-de-ourense","status":"publish","type":"post","link":"https:\/\/www.mfoto.es\/noticias\/?p=2050","title":{"rendered":"Antxustegi, segundo clasificado de Dos Ruedas Motrices en el Rallye de Ourense"},"content":{"rendered":"<p><img loading=\"lazy\" decoding=\"async\" class=\"alignleft\" alt=\"\" src=\"https:\/\/www.mfoto.es\/logos\/foto.gif\" width=\"50\" height=\"36\" \/><\/p>\n<p><strong><a href=\"https:\/\/www.mfoto.es\/fotos\/2013\/013_ourense\/\">FOTOS RALLYE DE OURENSE<\/a><\/strong><\/p>\n<p><img loading=\"lazy\" decoding=\"async\" class=\"alignnone size-full wp-image-2051\" alt=\"081_antxustegi_ourense\" src=\"https:\/\/www.mfoto.es\/noticias\/wp-content\/uploads_2012\/081_antxustegi_ourense.jpg\" width=\"450\" height=\"300\" srcset=\"https:\/\/www.mfoto.es\/noticias\/wp-content\/uploads_2012\/081_antxustegi_ourense.jpg 450w, https:\/\/www.mfoto.es\/noticias\/wp-content\/uploads_2012\/081_antxustegi_ourense-300x200.jpg 300w\" sizes=\"auto, (max-width: 450px) 100vw, 450px\" \/><\/p>\n<p>El piloto bizkaino, Gorka Antxustegi, terminaba en segunda posici\u00f3n de la categor\u00eda de Dos Ruedas Motrices en el Rallye de Ourense, celebrado el pasado fin de semana, que era puntuable para el Campeonato de Espa\u00f1a de Rallyes y que fue ganado por el canario Luis Monz\u00f3n con un Mini Cooper WRC.<\/p>\n<p>Antxustegi, a bordo de un Suzuki Swift S1600 y copilotado por el asturiano Alberto Iglesias, acababa segundo, tras el Citro\u00ebn DS3 de Enrique Garc\u00eda Ojeda, piloto ganador del IRC en el 2007 y Campe\u00f3n de Espa\u00f1a en el 2008 y por delante de su compa\u00f1ero, el andorrano Joan Vinyes que llevaba el otro Suzuki Swift S1600 del equipo.<\/p>\n<p>De los dem\u00e1s bizkainos presentes en el Rallye de Ourense, Alberto Alonso terminaba en la vig\u00e9sima posici\u00f3n scratch con un Fiat Punto Abarth y el copiloto de Gernika, Joanes Goitisolo, que copilotaba al gallego Jose Alonso Liste a bordo de un BMW Mini Rallye N2, se ve\u00edan obligados a abandonar en el tercer tramo por problemas mec\u00e1nicos.<\/p>\n<p><em>Clasificaci\u00f3n:<\/em><br \/>\n1\u00ba Monz\u00f3n-D\u00e9niz (Mini Cooper WRC) 2:08:31.8<br \/>\n2\u00ba Fuster-Avi\u00f1\u00f3 (Porsche 997 GT3) +24.4<br \/>\n3\u00ba Pons-Amigo (Mitsubishi EVO X) +56.2<br \/>\n4\u00ba Senra-L\u00f3pez (Mitsubishi EVO X) +3:26.9<br \/>\n5\u00ba Meira-V\u00e1zquez (Mitsubishi EVO X) +3:53.3<br \/>\n6\u00ba Garc\u00eda-Gonz\u00e1lez (Citroen DS R3T) +5:11.5 (1\u00ba 2RM)<br \/>\n7\u00ba Pais-Pais (Mitsubishi EVO X) +6:53.9<br \/>\n<b>8\u00ba Antxustegi-Iglesias (Suzuki Swift S1600) +8:04.0 (2\u00ba 2RM)<\/b><br \/>\n9\u00ba Vinyes-Mercader (Suzuki Swift S1600) +8:58.4 (3\u00ba 2RM)<br \/>\n10\u00ba Gonz\u00e1lez-Cid (Renault Twingo R2) +14:51.2<\/p>\n","protected":false},"excerpt":{"rendered":"<p>FOTOS RALLYE DE OURENSE El piloto bizkaino, Gorka Antxustegi, terminaba en segunda posici\u00f3n de la categor\u00eda de Dos Ruedas Motrices en el Rallye de Ourense, celebrado el pasado fin de semana, que era puntuable para el Campeonato de Espa\u00f1a de Rallyes y que fue ganado por el canario Luis Monz\u00f3n con un Mini Cooper WRC. [&hellip;]<\/p>\n","protected":false},"author":1,"featured_media":0,"comment_status":"closed","ping_status":"closed","sticky":false,"template":"","format":"standard","meta":{"footnotes":""},"categories":[63,51,64,93,5,4],"tags":[],"class_list":["post-2050","post","type-post","status-publish","format-standard","hentry","category-alonso","category-antxustegi","category-galicia","category-monzon","category-nacional","category-rallyes"],"_links":{"self":[{"href":"https:\/\/www.mfoto.es\/noticias\/index.php?rest_route=\/wp\/v2\/posts\/2050","targetHints":{"allow":["GET"]}}],"collection":[{"href":"https:\/\/www.mfoto.es\/noticias\/index.php?rest_route=\/wp\/v2\/posts"}],"about":[{"href":"https:\/\/www.mfoto.es\/noticias\/index.php?rest_route=\/wp\/v2\/types\/post"}],"author":[{"embeddable":true,"href":"https:\/\/www.mfoto.es\/noticias\/index.php?rest_route=\/wp\/v2\/users\/1"}],"replies":[{"embeddable":true,"href":"https:\/\/www.mfoto.es\/noticias\/index.php?rest_route=%2Fwp%2Fv2%2Fcomments&post=2050"}],"version-history":[{"count":4,"href":"https:\/\/www.mfoto.es\/noticias\/index.php?rest_route=\/wp\/v2\/posts\/2050\/revisions"}],"predecessor-version":[{"id":2055,"href":"https:\/\/www.mfoto.es\/noticias\/index.php?rest_route=\/wp\/v2\/posts\/2050\/revisions\/2055"}],"wp:attachment":[{"href":"https:\/\/www.mfoto.es\/noticias\/index.php?rest_route=%2Fwp%2Fv2%2Fmedia&parent=2050"}],"wp:term":[{"taxonomy":"category","embeddable":true,"href":"https:\/\/www.mfoto.es\/noticias\/index.php?rest_route=%2Fwp%2Fv2%2Fcategories&post=2050"},{"taxonomy":"post_tag","embeddable":true,"href":"https:\/\/www.mfoto.es\/noticias\/index.php?rest_route=%2Fwp%2Fv2%2Ftags&post=2050"}],"curies":[{"name":"wp","href":"https:\/\/api.w.org\/{rel}","templated":true}]}}