{"id":2044,"date":"2013-06-16T23:38:40","date_gmt":"2013-06-16T22:38:40","guid":{"rendered":"http:\/\/www.mfoto.es\/noticias\/?p=2044"},"modified":"2013-06-18T10:26:34","modified_gmt":"2013-06-18T09:26:34","slug":"el-canario-luis-monzon-gana-el-rallye-de-ourense","status":"publish","type":"post","link":"https:\/\/www.mfoto.es\/noticias\/?p=2044","title":{"rendered":"El canario Luis Monz\u00f3n gana el Rallye de Ourense"},"content":{"rendered":"<p><img loading=\"lazy\" decoding=\"async\" class=\"alignleft\" src=\"https:\/\/www.mfoto.es\/logos\/foto.gif\" alt=\"\" width=\"50\" height=\"36\" \/><\/p>\n<p><strong><a href=\"https:\/\/www.mfoto.es\/fotos\/2013\/013_ourense\/\">FOTOS RALLYE DE OURENSE<\/a><\/strong><\/p>\n<p><img loading=\"lazy\" decoding=\"async\" class=\"alignnone size-full wp-image-2045\" alt=\"080_monzon_ourense\" src=\"https:\/\/www.mfoto.es\/noticias\/wp-content\/uploads_2012\/080_monzon_ourense.jpg\" width=\"450\" height=\"300\" srcset=\"https:\/\/www.mfoto.es\/noticias\/wp-content\/uploads_2012\/080_monzon_ourense.jpg 450w, https:\/\/www.mfoto.es\/noticias\/wp-content\/uploads_2012\/080_monzon_ourense-300x200.jpg 300w\" sizes=\"auto, (max-width: 450px) 100vw, 450px\" \/><\/p>\n<p>Se disput\u00f3 en Ourense la cuarta cita del Campeonato de Espa\u00f1a de Rallyes, con tiempo seco y caluroso, con 60 equipos que tomaron la salida, de los que consiguieron terminar s\u00f3lo 35, abandonando el resto por problemas mec\u00e1nicos y salidas de carretera, en las que tuvieron mucho que ver la dureza de los tramos recuperados de A Peroxa y Os Peares.<\/p>\n<p>El piloto de Gran Canaria, Luis Monz\u00f3n se adjudicaba el Rallye de Ourense con su Mini Cooper WRC. Por detr\u00e1s, a 24,4 segundos, se situaba Miguel Fuster con el Porsche GT3 tras una remontada en los \u00faltimos tramos, en la que consigui\u00f3 adelantar a Xevi Pons, que tras liderar el rallye, finalizaba en tercera posici\u00f3n a 56,2 segundos con un Mitsubishi Evo X.<\/p>\n<p>En el resto de categor\u00edas, el c\u00e1ntabro Enrique Garc\u00eda Ojeda se impon\u00eda con su Citroen DS R3T en la Copa Espa\u00f1a de 2RM y en la Copa Espa\u00f1a R3, el piloto de Ourense, Jorge Gonz\u00e1lez \u00abRantur\u00bb hac\u00eda lo propio en la Challenge Twingo y en la Copa Espa\u00f1a R2, mientras que victoria entre los Junior era para el asturiano Angel Paniceres con un Ford Fiesta R2.<\/p>\n<p>La Copa Suzuki Swift la ganaba Pablo Paz\u00f3, seguido de V\u00edctor P\u00e9rez y Adrian D\u00edaz, terminando los tres en s\u00f3lo 18 segundos de diferencia y la Mitsubishi Evo Cup era para el gallego V\u00edctor Senra.<\/p>\n<p><em>Clasificaci\u00f3n:<\/em><br \/>\n1\u00ba Monz\u00f3n-D\u00e9niz (Mini Cooper WRC) 2:08:31.8<br \/>\n2\u00ba Fuster-Avi\u00f1\u00f3 (Porsche 997 GT3) +24.4<br \/>\n3\u00ba Pons-Amigo (Mitsubishi EVO X) +56.2<br \/>\n4\u00ba Senra-L\u00f3pez (Mitsubishi EVO X) +3:26.9<br \/>\n5\u00ba Meira-V\u00e1zquez (Mitsubishi EVO X) +3:53.3<br \/>\n6\u00ba Garc\u00eda-Gonz\u00e1lez (Citroen DS R3T) +5:11.5<br \/>\n7\u00ba Pais-Pais (Mitsubishi EVO X) +6:53.9<br \/>\n8\u00ba Antxustegi-Iglesias (Suzuki Swift S1600) +8:04.0<br \/>\n9\u00ba Vinyes-Mercader (Suzuki Swift S1600) +8:58.4<br \/>\n10\u00ba Gonz\u00e1lez-Cid (Renault Twingo R2) +14:51.2<\/p>\n","protected":false},"excerpt":{"rendered":"<p>FOTOS RALLYE DE OURENSE Se disput\u00f3 en Ourense la cuarta cita del Campeonato de Espa\u00f1a de Rallyes, con tiempo seco y caluroso, con 60 equipos que tomaron la salida, de los que consiguieron terminar s\u00f3lo 35, abandonando el resto por problemas mec\u00e1nicos y salidas de carretera, en las que tuvieron mucho que ver la dureza [&hellip;]<\/p>\n","protected":false},"author":1,"featured_media":0,"comment_status":"closed","ping_status":"closed","sticky":false,"template":"","format":"standard","meta":{"footnotes":""},"categories":[51,68,64,65,93,5,77,99,4,70,72],"tags":[],"class_list":["post-2044","post","type-post","status-publish","format-standard","hentry","category-antxustegi","category-fuster","category-galicia","category-meira","category-monzon","category-nacional","category-ojeda","category-pons","category-rallyes","category-senra","category-vinyes"],"_links":{"self":[{"href":"https:\/\/www.mfoto.es\/noticias\/index.php?rest_route=\/wp\/v2\/posts\/2044","targetHints":{"allow":["GET"]}}],"collection":[{"href":"https:\/\/www.mfoto.es\/noticias\/index.php?rest_route=\/wp\/v2\/posts"}],"about":[{"href":"https:\/\/www.mfoto.es\/noticias\/index.php?rest_route=\/wp\/v2\/types\/post"}],"author":[{"embeddable":true,"href":"https:\/\/www.mfoto.es\/noticias\/index.php?rest_route=\/wp\/v2\/users\/1"}],"replies":[{"embeddable":true,"href":"https:\/\/www.mfoto.es\/noticias\/index.php?rest_route=%2Fwp%2Fv2%2Fcomments&post=2044"}],"version-history":[{"count":5,"href":"https:\/\/www.mfoto.es\/noticias\/index.php?rest_route=\/wp\/v2\/posts\/2044\/revisions"}],"predecessor-version":[{"id":2056,"href":"https:\/\/www.mfoto.es\/noticias\/index.php?rest_route=\/wp\/v2\/posts\/2044\/revisions\/2056"}],"wp:attachment":[{"href":"https:\/\/www.mfoto.es\/noticias\/index.php?rest_route=%2Fwp%2Fv2%2Fmedia&parent=2044"}],"wp:term":[{"taxonomy":"category","embeddable":true,"href":"https:\/\/www.mfoto.es\/noticias\/index.php?rest_route=%2Fwp%2Fv2%2Fcategories&post=2044"},{"taxonomy":"post_tag","embeddable":true,"href":"https:\/\/www.mfoto.es\/noticias\/index.php?rest_route=%2Fwp%2Fv2%2Ftags&post=2044"}],"curies":[{"name":"wp","href":"https:\/\/api.w.org\/{rel}","templated":true}]}}