{"id":2041,"date":"2013-06-13T16:14:04","date_gmt":"2013-06-13T15:14:04","guid":{"rendered":"http:\/\/www.mfoto.es\/noticias\/?p=2041"},"modified":"2013-06-13T16:14:04","modified_gmt":"2013-06-13T15:14:04","slug":"antxustegi-con-suzuki-en-el-rallye-de-ourense","status":"publish","type":"post","link":"https:\/\/www.mfoto.es\/noticias\/?p=2041","title":{"rendered":"Antxustegi con Suzuki en el Rallye de Ourense"},"content":{"rendered":"<p><img loading=\"lazy\" decoding=\"async\" class=\"alignnone size-full wp-image-2042\" alt=\"079_antxustegi_ourense\" src=\"https:\/\/www.mfoto.es\/noticias\/wp-content\/uploads_2012\/079_antxustegi_ourense.jpg\" width=\"450\" height=\"300\" srcset=\"https:\/\/www.mfoto.es\/noticias\/wp-content\/uploads_2012\/079_antxustegi_ourense.jpg 450w, https:\/\/www.mfoto.es\/noticias\/wp-content\/uploads_2012\/079_antxustegi_ourense-300x200.jpg 300w\" sizes=\"auto, (max-width: 450px) 100vw, 450px\" \/><\/p>\n<p>El piloto de Markina, Gorka Antxustegi, disputar\u00e1 este fin de semana la edici\u00f3n 46 del Rallye de Ourense \u2013 Ourense Termal, que ser\u00e1 la cuarta prueba puntuable para el Campeonato de Espa\u00f1a de Rallyes 2013.<\/p>\n<p>Gorka Antxustegi llevar\u00e1 uno de los Suzuki Swift S1600 del equipo Suzuki Ib\u00e9rica, con el que actualmente ocupa la octava plaza absoluta del campeonato y la primera en la clasificaci\u00f3n de la Copa de Espa\u00f1a de veh\u00edculos de dos ruedas motrices.<\/p>\n<p>Tambi\u00e9n tomar\u00e1n la salida los bizkainos Alberto Alonso y Alex Segura con un Fiat Punto Abarth y a bordo del Mini Rallye N2 del gallego Jos\u00e9 Alonso Liste, el copiloto de Gernika, Joanes Goitisolo.<\/p>\n<p>El Rallye de Ourense tiene un recorrido compuesto por 12 tramos, que suman 206 kil\u00f3metros contra el crono. El viernes para abrir la carrera se celebrar\u00e1 el tradicional tramo espect\u00e1culo en el Pol\u00edgono de San Cipri\u00e1n de Vi\u00f1as a partir de las 20:35 horas.<\/p>\n<p>El s\u00e1bado se disputar\u00e1n los tramos de Os Peares, A Peroxa, San Cipri\u00e1n, To\u00e9n, San Pedro de Rocas y Luintra, para terminar a las 21:40 horas en la Plaza Mayor de Ourense.<\/p>\n<p>M\u00e1s informaci\u00f3n:<\/p>\n<p><a href=\"http:\/\/www.rallyeourense.es\/\" target=\"_blank\">http:\/\/www.rallyeourense.es\/<\/a><\/p>\n<p>&nbsp;<\/p>\n","protected":false},"excerpt":{"rendered":"<p>El piloto de Markina, Gorka Antxustegi, disputar\u00e1 este fin de semana la edici\u00f3n 46 del Rallye de Ourense \u2013 Ourense Termal, que ser\u00e1 la cuarta prueba puntuable para el Campeonato de Espa\u00f1a de Rallyes 2013. Gorka Antxustegi llevar\u00e1 uno de los Suzuki Swift S1600 del equipo Suzuki Ib\u00e9rica, con el que actualmente ocupa la octava [&hellip;]<\/p>\n","protected":false},"author":1,"featured_media":0,"comment_status":"closed","ping_status":"closed","sticky":false,"template":"","format":"standard","meta":{"footnotes":""},"categories":[63,51,64,98,5,4],"tags":[],"class_list":["post-2041","post","type-post","status-publish","format-standard","hentry","category-alonso","category-antxustegi","category-galicia","category-goitisolo","category-nacional","category-rallyes"],"_links":{"self":[{"href":"https:\/\/www.mfoto.es\/noticias\/index.php?rest_route=\/wp\/v2\/posts\/2041","targetHints":{"allow":["GET"]}}],"collection":[{"href":"https:\/\/www.mfoto.es\/noticias\/index.php?rest_route=\/wp\/v2\/posts"}],"about":[{"href":"https:\/\/www.mfoto.es\/noticias\/index.php?rest_route=\/wp\/v2\/types\/post"}],"author":[{"embeddable":true,"href":"https:\/\/www.mfoto.es\/noticias\/index.php?rest_route=\/wp\/v2\/users\/1"}],"replies":[{"embeddable":true,"href":"https:\/\/www.mfoto.es\/noticias\/index.php?rest_route=%2Fwp%2Fv2%2Fcomments&post=2041"}],"version-history":[{"count":1,"href":"https:\/\/www.mfoto.es\/noticias\/index.php?rest_route=\/wp\/v2\/posts\/2041\/revisions"}],"predecessor-version":[{"id":2043,"href":"https:\/\/www.mfoto.es\/noticias\/index.php?rest_route=\/wp\/v2\/posts\/2041\/revisions\/2043"}],"wp:attachment":[{"href":"https:\/\/www.mfoto.es\/noticias\/index.php?rest_route=%2Fwp%2Fv2%2Fmedia&parent=2041"}],"wp:term":[{"taxonomy":"category","embeddable":true,"href":"https:\/\/www.mfoto.es\/noticias\/index.php?rest_route=%2Fwp%2Fv2%2Fcategories&post=2041"},{"taxonomy":"post_tag","embeddable":true,"href":"https:\/\/www.mfoto.es\/noticias\/index.php?rest_route=%2Fwp%2Fv2%2Ftags&post=2041"}],"curies":[{"name":"wp","href":"https:\/\/api.w.org\/{rel}","templated":true}]}}