{"id":2025,"date":"2013-06-11T11:34:10","date_gmt":"2013-06-11T10:34:10","guid":{"rendered":"http:\/\/www.mfoto.es\/noticias\/?p=2025"},"modified":"2013-06-13T12:09:16","modified_gmt":"2013-06-13T11:09:16","slug":"mantecon-gana-el-rallye-cantabria-sin-oposicion","status":"publish","type":"post","link":"https:\/\/www.mfoto.es\/noticias\/?p=2025","title":{"rendered":"Mantec\u00f3n gana el Rallye Cantabria sin oposici\u00f3n"},"content":{"rendered":"<p><img loading=\"lazy\" decoding=\"async\" class=\"alignleft\" src=\"https:\/\/www.mfoto.es\/logos\/foto.gif\" alt=\"\" width=\"50\" height=\"36\" \/><\/p>\n<p><strong><a href=\"https:\/\/www.mfoto.es\/fotos\/2013\/012_cantabria\/\">FOTOS RALLYE CANTABRIA<\/a><\/strong><\/p>\n<p><img loading=\"lazy\" decoding=\"async\" class=\"alignnone size-full wp-image-2026\" title=\"078_mantecon_cantabria\" src=\"https:\/\/www.mfoto.es\/noticias\/wp-content\/uploads_2012\/078_mantecon_cantabria.jpg\" alt=\"\" width=\"450\" height=\"300\" srcset=\"https:\/\/www.mfoto.es\/noticias\/wp-content\/uploads_2012\/078_mantecon_cantabria.jpg 450w, https:\/\/www.mfoto.es\/noticias\/wp-content\/uploads_2012\/078_mantecon_cantabria-300x200.jpg 300w\" sizes=\"auto, (max-width: 450px) 100vw, 450px\" \/><\/p>\n<p>Eugenio Mantec\u00f3n se impon\u00eda sin dificultad el el Rallye Cantabria ante la ausencia de rivales para su Volkswagen Polo N1. La segunda plaza del podio era para Daniel Pe\u00f1a con un Citroen C2 R2 Max a m\u00e1s de un minuto y la tercera para Javier Hernandez con un Peugeot 205 Rallye a m\u00e1s de dos minutos.<\/p>\n<p><em>Clasificaci\u00f3n:<\/em><br \/>\n1\u00ba Mantec\u00f3n-Odriozola (Volkswagen Polo N1) 29:38.870<br \/>\n2\u00ba Pe\u00f1a-Celis (Citro\u00ebn C2 R2 Max) 30:28.250<br \/>\n3\u00ba Fern\u00e1ndez-Dertiano (Peugeot 205 Rallye) 31:49.450<br \/>\n4\u00ba Del Cura-Mart\u00ednez (Peugeot 205 Rallye) 32:34.960<br \/>\n5\u00ba Ceballos-Lanza (Renault 5 GT Turbo) 33:14.420<\/p>\n<p>&nbsp;<\/p>\n","protected":false},"excerpt":{"rendered":"<p>FOTOS RALLYE CANTABRIA Eugenio Mantec\u00f3n se impon\u00eda sin dificultad el el Rallye Cantabria ante la ausencia de rivales para su Volkswagen Polo N1. La segunda plaza del podio era para Daniel Pe\u00f1a con un Citroen C2 R2 Max a m\u00e1s de un minuto y la tercera para Javier Hernandez con un Peugeot 205 Rallye a [&hellip;]<\/p>\n","protected":false},"author":1,"featured_media":0,"comment_status":"closed","ping_status":"closed","sticky":false,"template":"","format":"standard","meta":{"footnotes":""},"categories":[10,53,4],"tags":[],"class_list":["post-2025","post","type-post","status-publish","format-standard","hentry","category-cantabria","category-mantecon","category-rallyes"],"_links":{"self":[{"href":"https:\/\/www.mfoto.es\/noticias\/index.php?rest_route=\/wp\/v2\/posts\/2025","targetHints":{"allow":["GET"]}}],"collection":[{"href":"https:\/\/www.mfoto.es\/noticias\/index.php?rest_route=\/wp\/v2\/posts"}],"about":[{"href":"https:\/\/www.mfoto.es\/noticias\/index.php?rest_route=\/wp\/v2\/types\/post"}],"author":[{"embeddable":true,"href":"https:\/\/www.mfoto.es\/noticias\/index.php?rest_route=\/wp\/v2\/users\/1"}],"replies":[{"embeddable":true,"href":"https:\/\/www.mfoto.es\/noticias\/index.php?rest_route=%2Fwp%2Fv2%2Fcomments&post=2025"}],"version-history":[{"count":4,"href":"https:\/\/www.mfoto.es\/noticias\/index.php?rest_route=\/wp\/v2\/posts\/2025\/revisions"}],"predecessor-version":[{"id":2040,"href":"https:\/\/www.mfoto.es\/noticias\/index.php?rest_route=\/wp\/v2\/posts\/2025\/revisions\/2040"}],"wp:attachment":[{"href":"https:\/\/www.mfoto.es\/noticias\/index.php?rest_route=%2Fwp%2Fv2%2Fmedia&parent=2025"}],"wp:term":[{"taxonomy":"category","embeddable":true,"href":"https:\/\/www.mfoto.es\/noticias\/index.php?rest_route=%2Fwp%2Fv2%2Fcategories&post=2025"},{"taxonomy":"post_tag","embeddable":true,"href":"https:\/\/www.mfoto.es\/noticias\/index.php?rest_route=%2Fwp%2Fv2%2Ftags&post=2025"}],"curies":[{"name":"wp","href":"https:\/\/api.w.org\/{rel}","templated":true}]}}