{"id":2013,"date":"2013-06-03T08:57:12","date_gmt":"2013-06-03T07:57:12","guid":{"rendered":"http:\/\/www.mfoto.es\/noticias\/?p=2013"},"modified":"2013-06-13T11:51:39","modified_gmt":"2013-06-13T10:51:39","slug":"vallejo-gana-el-rallye-rias-baixas","status":"publish","type":"post","link":"https:\/\/www.mfoto.es\/noticias\/?p=2013","title":{"rendered":"Vallejo gana el Rallye R\u00edas Baixas"},"content":{"rendered":"<p><img loading=\"lazy\" decoding=\"async\" class=\"alignnone size-full wp-image-2014\" title=\"077_vallejo_rias_baixas\" src=\"https:\/\/www.mfoto.es\/noticias\/wp-content\/uploads_2012\/077_vallejo_rias_baixas.jpg\" alt=\"\" width=\"450\" height=\"300\" \/><\/p>\n<address>Foto: CGGFotografia<\/address>\n<p>Los hermanos Vallejo con el Porsche 997 GT3, ganaban in extremis el Rallye R\u00edas Baixas, tras haber varios cambios de liderazgo durante la prueba.<\/p>\n<p>En la jornada del viernes, Alvaro Mu\u00f1iz con el Lotus Exige era el primer l\u00edder tras el tramo urbano de Vigo. A partir de ah\u00ed el canario Luis Monz\u00f3n con el Mini Cooper, terminaba la jornada del viernes en la primera plaza, pero en el primer tramo del s\u00e1bado, tras un pinchazo, ced\u00eda el puesto a Alberto Meira con Mitsubishi Evo X, que lo manten\u00eda hasta que, a falta de dos tramos, sufr\u00eda una ligera salida que dejaba el coche tocado y no pod\u00eda aguantar el ataque de Sergio Vallejo, que consegu\u00eda la victoria final con 16.3 segundos de ventaja sobre Meira.<\/p>\n<p>La tercera posici\u00f3n fue para el actual campe\u00f3n, el alicantino Miguel Fuster con Porsche 997 GT3, que hizo un rallye a la expectativa y que termin\u00f3 en el podium tras el abandono del asturiano Jonathan P\u00e9rez por salida de carretera.<\/p>\n<p>El el resto de categor\u00edas, Joan Vinyes se adjudicaba la Copa de 2 Ruedas Motrices hasta 1600 cc. con el Suzuki Swift S1600, Alberto Otero con un Renault Twingo R2 encabezaba las categor\u00edas R2, Junior y la Challenge Twingo, V\u00edctor Senra se llevaba la Mitsubishi Evo Cup y la Copa Suzuki la ganaba el piloto local Pablo Paz\u00f3.<\/p>\n<p><em>Clasificaci\u00f3n:<\/em><br \/>\n1\u00ba Vallejo-Vallejo (Porsche 997 GT3) 1:39:59.8<br \/>\n2\u00ba Meira-Vazquez (Mitsubishi Evo X) +16.3<br \/>\n3\u00ba Fuster-Cu\u00e9 (Porsche 997 GT3 CUP) +1:17.2<br \/>\n4\u00ba Senra-Pintor (Mitsubishi Evo X) +2:05.2<br \/>\n5\u00ba Pais-Pais (Mitsubishi Evo X) +3:56.4<\/p>\n<p>&nbsp;<\/p>\n","protected":false},"excerpt":{"rendered":"<p>Foto: CGGFotografia Los hermanos Vallejo con el Porsche 997 GT3, ganaban in extremis el Rallye R\u00edas Baixas, tras haber varios cambios de liderazgo durante la prueba. En la jornada del viernes, Alvaro Mu\u00f1iz con el Lotus Exige era el primer l\u00edder tras el tramo urbano de Vigo. A partir de ah\u00ed el canario Luis Monz\u00f3n [&hellip;]<\/p>\n","protected":false},"author":1,"featured_media":0,"comment_status":"closed","ping_status":"closed","sticky":false,"template":"","format":"standard","meta":{"footnotes":""},"categories":[68,64,65,5,4,84],"tags":[],"class_list":["post-2013","post","type-post","status-publish","format-standard","hentry","category-fuster","category-galicia","category-meira","category-nacional","category-rallyes","category-vallejo"],"_links":{"self":[{"href":"https:\/\/www.mfoto.es\/noticias\/index.php?rest_route=\/wp\/v2\/posts\/2013","targetHints":{"allow":["GET"]}}],"collection":[{"href":"https:\/\/www.mfoto.es\/noticias\/index.php?rest_route=\/wp\/v2\/posts"}],"about":[{"href":"https:\/\/www.mfoto.es\/noticias\/index.php?rest_route=\/wp\/v2\/types\/post"}],"author":[{"embeddable":true,"href":"https:\/\/www.mfoto.es\/noticias\/index.php?rest_route=\/wp\/v2\/users\/1"}],"replies":[{"embeddable":true,"href":"https:\/\/www.mfoto.es\/noticias\/index.php?rest_route=%2Fwp%2Fv2%2Fcomments&post=2013"}],"version-history":[{"count":3,"href":"https:\/\/www.mfoto.es\/noticias\/index.php?rest_route=\/wp\/v2\/posts\/2013\/revisions"}],"predecessor-version":[{"id":2039,"href":"https:\/\/www.mfoto.es\/noticias\/index.php?rest_route=\/wp\/v2\/posts\/2013\/revisions\/2039"}],"wp:attachment":[{"href":"https:\/\/www.mfoto.es\/noticias\/index.php?rest_route=%2Fwp%2Fv2%2Fmedia&parent=2013"}],"wp:term":[{"taxonomy":"category","embeddable":true,"href":"https:\/\/www.mfoto.es\/noticias\/index.php?rest_route=%2Fwp%2Fv2%2Fcategories&post=2013"},{"taxonomy":"post_tag","embeddable":true,"href":"https:\/\/www.mfoto.es\/noticias\/index.php?rest_route=%2Fwp%2Fv2%2Ftags&post=2013"}],"curies":[{"name":"wp","href":"https:\/\/api.w.org\/{rel}","templated":true}]}}