{"id":2007,"date":"2013-05-30T14:50:55","date_gmt":"2013-05-30T13:50:55","guid":{"rendered":"http:\/\/www.mfoto.es\/noticias\/?p=2007"},"modified":"2013-06-13T11:50:40","modified_gmt":"2013-06-13T10:50:40","slug":"antxustegi-participa-este-fin-de-semana-en-el-rallye-rias-baixas","status":"publish","type":"post","link":"https:\/\/www.mfoto.es\/noticias\/?p=2007","title":{"rendered":"Antxustegi participa este fin de semana en el Rallye R\u00edas Baixas"},"content":{"rendered":"<p><img loading=\"lazy\" decoding=\"async\" class=\"alignnone size-full wp-image-2008\" title=\"076_antxustegi_rias_baixas\" src=\"https:\/\/www.mfoto.es\/noticias\/wp-content\/uploads_2012\/076_antxustegi_rias_baixas.jpg\" alt=\"\" width=\"450\" height=\"300\" \/><\/p>\n<p>El piloto bizkaino Gorka Antxustegi participar\u00e1 el pr\u00f3ximo fin de semana en el 49\u00ba Rallye R\u00edas Baixas, que se celebrar\u00e1 en la provincia de Pontevedra y que ser\u00e1 puntuable para el Campeonato de Espa\u00f1a de Rallyes.<\/p>\n<p>Antxustegi pilotar\u00e1 su habitual Suzuki Swift S1600 del equipo Suzuki Ib\u00e9rica, con el que actualmente lidera la clasificaci\u00f3n de la Copa de Espa\u00f1a de veh\u00edculos de dos ruedas motrices y del Campeonato de Espa\u00f1a de Conductores de las categor\u00edas 2-3-4.<\/p>\n<p>Adem\u00e1s de Antxustegi, tambi\u00e9n participar\u00e1 en el Rallye R\u00edas Baixas, el copiloto de Gernika, Joanes Goitisolo, que copilotar\u00e1 al piloto gallego Jos\u00e9 Alonso Liste a bordo de un Mini Rallye N2.<\/p>\n<p>El recorrido del rallye est\u00e1 compuesto por los tramos cronometrados de Vigo y Nigr\u00e1n, que se disputar\u00e1n el viernes 31 y por los de Fornelos, Ponteareas y As Neves que se har\u00e1n el s\u00e1bado d\u00eda 1, totalizando 160,96 km. cronometrados para un recorrido total de 510,75 km.<\/p>\n<p>La salida de la prueba ser\u00e1 en el Instituto Feiral de Vigo (IFEVI) a las 17:50 horas del viernes d\u00eda 31 y la llegada ser\u00e1 el domingo d\u00eda 1 de Junio a las 19:30 horas en el p\u00f3dium de la Porta do Sol en el centro de Vigo.<\/p>\n<p>&nbsp;<\/p>\n<p>M\u00e1s informaci\u00f3n:<\/p>\n<p><a href=\"http:\/\/www.rallyeriasbaixas.com\/\" target=\"_blank\">http:\/\/www.rallyeriasbaixas.com\/<\/a><\/p>\n","protected":false},"excerpt":{"rendered":"<p>El piloto bizkaino Gorka Antxustegi participar\u00e1 el pr\u00f3ximo fin de semana en el 49\u00ba Rallye R\u00edas Baixas, que se celebrar\u00e1 en la provincia de Pontevedra y que ser\u00e1 puntuable para el Campeonato de Espa\u00f1a de Rallyes. Antxustegi pilotar\u00e1 su habitual Suzuki Swift S1600 del equipo Suzuki Ib\u00e9rica, con el que actualmente lidera la clasificaci\u00f3n de [&hellip;]<\/p>\n","protected":false},"author":1,"featured_media":0,"comment_status":"closed","ping_status":"closed","sticky":false,"template":"","format":"standard","meta":{"footnotes":""},"categories":[51,64,98,5,4],"tags":[],"class_list":["post-2007","post","type-post","status-publish","format-standard","hentry","category-antxustegi","category-galicia","category-goitisolo","category-nacional","category-rallyes"],"_links":{"self":[{"href":"https:\/\/www.mfoto.es\/noticias\/index.php?rest_route=\/wp\/v2\/posts\/2007","targetHints":{"allow":["GET"]}}],"collection":[{"href":"https:\/\/www.mfoto.es\/noticias\/index.php?rest_route=\/wp\/v2\/posts"}],"about":[{"href":"https:\/\/www.mfoto.es\/noticias\/index.php?rest_route=\/wp\/v2\/types\/post"}],"author":[{"embeddable":true,"href":"https:\/\/www.mfoto.es\/noticias\/index.php?rest_route=\/wp\/v2\/users\/1"}],"replies":[{"embeddable":true,"href":"https:\/\/www.mfoto.es\/noticias\/index.php?rest_route=%2Fwp%2Fv2%2Fcomments&post=2007"}],"version-history":[{"count":4,"href":"https:\/\/www.mfoto.es\/noticias\/index.php?rest_route=\/wp\/v2\/posts\/2007\/revisions"}],"predecessor-version":[{"id":2038,"href":"https:\/\/www.mfoto.es\/noticias\/index.php?rest_route=\/wp\/v2\/posts\/2007\/revisions\/2038"}],"wp:attachment":[{"href":"https:\/\/www.mfoto.es\/noticias\/index.php?rest_route=%2Fwp%2Fv2%2Fmedia&parent=2007"}],"wp:term":[{"taxonomy":"category","embeddable":true,"href":"https:\/\/www.mfoto.es\/noticias\/index.php?rest_route=%2Fwp%2Fv2%2Fcategories&post=2007"},{"taxonomy":"post_tag","embeddable":true,"href":"https:\/\/www.mfoto.es\/noticias\/index.php?rest_route=%2Fwp%2Fv2%2Ftags&post=2007"}],"curies":[{"name":"wp","href":"https:\/\/api.w.org\/{rel}","templated":true}]}}