{"id":1997,"date":"2013-05-20T14:42:31","date_gmt":"2013-05-20T13:42:31","guid":{"rendered":"http:\/\/www.mfoto.es\/noticias\/?p=1997"},"modified":"2013-06-13T11:48:25","modified_gmt":"2013-06-13T10:48:25","slug":"luis-monzon-gana-un-rallye-santander-cantabria-pasado-por-agua","status":"publish","type":"post","link":"https:\/\/www.mfoto.es\/noticias\/?p=1997","title":{"rendered":"Luis Monz\u00f3n gana un Rallye Santander-Cantabria pasado por agua"},"content":{"rendered":"<p><img loading=\"lazy\" decoding=\"async\" class=\"alignleft\" src=\"https:\/\/www.mfoto.es\/logos\/foto.gif\" alt=\"\" width=\"50\" height=\"36\" \/><\/p>\n<p><strong><a href=\"https:\/\/www.mfoto.es\/fotos\/2013\/011_santander\/\">FOTOS RALLYE SANTANDER-CANTABRIA<\/a><\/strong><\/p>\n<p><img loading=\"lazy\" decoding=\"async\" class=\"alignnone size-full wp-image-1998\" title=\"074_monzon_santander\" src=\"https:\/\/www.mfoto.es\/noticias\/wp-content\/uploads_2012\/074_monzon_santander.jpg\" alt=\"\" width=\"450\" height=\"300\" \/><\/p>\n<p>El canario Luis Monz\u00f3n ganaba el Rallye Santander-Cantabria con el Mini Cooper WRC, el c\u00e1ntabro Surhayen Pern\u00eda llegaba hasta la segunda plaza, a 1:53.2, con un Mitsubishi Evo X y la tercera posici\u00f3n, a 2:20.1, era para el gallego Alberto Meira con otro Mitsubishi Evo X.<\/p>\n<p>El catal\u00e1n Xevi Pons era segundo al terminar los tramos cronometrados, pero una penalizaci\u00f3n en la \u00faltima asistencia lo enviaba hasta la octava posici\u00f3n.<\/p>\n<p>La clasificaci\u00f3n de veh\u00edculos de 2 ruedas motrices era encabezada por Joan Vinyes y Gorka Antxustegi con los Suzuki Swift S1600 oficiales.<\/p>\n<p>En las copas de promoci\u00f3n, Surhayen Pern\u00eda lideraba la Mitsubishi Evo Cup, V\u00edctor P\u00e9rez ganaba la Copa Suzuki, Alberto Otero ganaba la Challenge Renault Twingo y la Beca RMC con los Ford Fiesta R2 era dominada por Xabier Lujua.<\/p>\n<p>La climatolog\u00eda no respet\u00f3 la prueba, con fuertes aguaceros que convirtieron los tramos en pistas de patinaje y que provocaron nueve abandonos por salida de carretera y por aver\u00edas, consiguiendo finalizar el rallye treinta y nueve equipos en la categor\u00eda nacional.<\/p>\n<p><em>Clasificaci\u00f3n:<\/em><br \/>\n1\u00ba Monz\u00f3n-D\u00e9niz (Mini Cooper WRC) 1:43:36.4<br \/>\n2\u00ba Pern\u00eda-Garc\u00eda (Mitsubishi Evo X) +1:53.2<br \/>\n3\u00ba Meira-V\u00e1zquez (Mitsubishi Evo X) +2:20.1<br \/>\n4\u00ba Vinyes-Mercader (Suzuki Swift S1600) +3:09.6<br \/>\n5\u00ba Vallejo-Vallejo (Porsche 997 GT3) +3:11.2<br \/>\n6\u00ba Senra-Velasco (Mitsubishi Evo X) +4:21.0<br \/>\n7\u00ba Antxustegi-Iglesias (Suzuki Swift S1600) +4:27.3<br \/>\n8\u00ba Pons-Amigo (Mitsubishi Evo X) +5:51.8<br \/>\n9\u00ba Su\u00e1rez-Carrera (Ford Fiesta R2) +5:58.2<br \/>\n10\u00ba Pais-Pais (Mitsubishi Evo X) +6:16.9<\/p>\n<p>&nbsp;<\/p>\n","protected":false},"excerpt":{"rendered":"<p>FOTOS RALLYE SANTANDER-CANTABRIA El canario Luis Monz\u00f3n ganaba el Rallye Santander-Cantabria con el Mini Cooper WRC, el c\u00e1ntabro Surhayen Pern\u00eda llegaba hasta la segunda plaza, a 1:53.2, con un Mitsubishi Evo X y la tercera posici\u00f3n, a 2:20.1, era para el gallego Alberto Meira con otro Mitsubishi Evo X. El catal\u00e1n Xevi Pons era segundo [&hellip;]<\/p>\n","protected":false},"author":1,"featured_media":0,"comment_status":"closed","ping_status":"closed","sticky":false,"template":"","format":"standard","meta":{"footnotes":""},"categories":[51,10,54,65,93,5,97,70,84,72],"tags":[],"class_list":["post-1997","post","type-post","status-publish","format-standard","hentry","category-antxustegi","category-cantabria","category-lujua","category-meira","category-monzon","category-nacional","category-pernia","category-senra","category-vallejo","category-vinyes"],"_links":{"self":[{"href":"https:\/\/www.mfoto.es\/noticias\/index.php?rest_route=\/wp\/v2\/posts\/1997","targetHints":{"allow":["GET"]}}],"collection":[{"href":"https:\/\/www.mfoto.es\/noticias\/index.php?rest_route=\/wp\/v2\/posts"}],"about":[{"href":"https:\/\/www.mfoto.es\/noticias\/index.php?rest_route=\/wp\/v2\/types\/post"}],"author":[{"embeddable":true,"href":"https:\/\/www.mfoto.es\/noticias\/index.php?rest_route=\/wp\/v2\/users\/1"}],"replies":[{"embeddable":true,"href":"https:\/\/www.mfoto.es\/noticias\/index.php?rest_route=%2Fwp%2Fv2%2Fcomments&post=1997"}],"version-history":[{"count":4,"href":"https:\/\/www.mfoto.es\/noticias\/index.php?rest_route=\/wp\/v2\/posts\/1997\/revisions"}],"predecessor-version":[{"id":2036,"href":"https:\/\/www.mfoto.es\/noticias\/index.php?rest_route=\/wp\/v2\/posts\/1997\/revisions\/2036"}],"wp:attachment":[{"href":"https:\/\/www.mfoto.es\/noticias\/index.php?rest_route=%2Fwp%2Fv2%2Fmedia&parent=1997"}],"wp:term":[{"taxonomy":"category","embeddable":true,"href":"https:\/\/www.mfoto.es\/noticias\/index.php?rest_route=%2Fwp%2Fv2%2Fcategories&post=1997"},{"taxonomy":"post_tag","embeddable":true,"href":"https:\/\/www.mfoto.es\/noticias\/index.php?rest_route=%2Fwp%2Fv2%2Ftags&post=1997"}],"curies":[{"name":"wp","href":"https:\/\/api.w.org\/{rel}","templated":true}]}}