{"id":1985,"date":"2013-05-16T21:12:48","date_gmt":"2013-05-16T20:12:48","guid":{"rendered":"http:\/\/www.mfoto.es\/noticias\/?p=1985"},"modified":"2013-06-13T11:46:42","modified_gmt":"2013-06-13T10:46:42","slug":"el-rallye-santander-cantabria-contara-con-cinco-equipos-bizkainos-en-la-salida","status":"publish","type":"post","link":"https:\/\/www.mfoto.es\/noticias\/?p=1985","title":{"rendered":"El Rallye Santander-Cantabria contar\u00e1 con cinco equipos bizkainos en la salida"},"content":{"rendered":"<p><img loading=\"lazy\" decoding=\"async\" class=\"alignnone size-full wp-image-1986\" title=\"072_marticorena_cantabria\" src=\"https:\/\/www.mfoto.es\/noticias\/wp-content\/uploads_2012\/072_marticorena_cantabria.jpg\" alt=\"\" width=\"450\" height=\"300\" \/><\/p>\n<p>Este fin de se celebra en Cantabria la edici\u00f3n 35 del Rallye Santander-Cantabria, que ser\u00e1 la segunda prueba puntuable del a\u00f1o para el Campeonato de Espa\u00f1a de Rallyes y que contar\u00e1 con 79 equipos en la salida.<\/p>\n<p>Cinco ser\u00e1n los equipos bizkainos que disputar\u00e1n la prueba, Gorka Antxustegi con el asturiano Alberto Iglesias con un Suzuki Swift S1600, con el que lideran la clasificaci\u00f3n de dos ruedas motrices del campeonato, dos Ford Fiesta R2 de la Beca RMC, uno del equipo campe\u00f3n vasco de Rallyes formado por Xabier Lujua y Jes\u00fas Estrada y el otro de I\u00f1aki Barredo e Iv\u00e1n Bajo, Alberto Alonso y Alex Segura con un Fiat Abarth y en la categor\u00eda auton\u00f3mica, F\u00e9lix Marticorena y Aitor Zubiaurre con un Citro\u00ebn Saxo VTS.<\/p>\n<p>La prueba se celebra los d\u00edas 18 y 19 de Mayo, se disputar\u00e1n 10 tramos cronometrados, El s\u00e1bado 18, Villanueva-Llueva y Meruelo-Las Pilas a tres pasadas y el domingo 19, San Roque-Villacarriedo y Barcenilla-La Canal a dos pasadas. En total 165 km. cronometrados, para un recorrido total de 475 km.<\/p>\n<p>La salida se dar\u00e1 en el p\u00f3dium del Parque de Las Llamas, en Santander, el s\u00e1bado 18 a las 13:00 horas y la llegada ser\u00e1 el domingo 19 a las 13:15 horas en el mismo lugar.<\/p>\n<p>&nbsp;<\/p>\n<p><strong>M\u00e1s informaci\u00f3n:<\/strong><\/p>\n<p><a href=\"http:\/\/www.rallyesantander.com\/\" target=\"_blank\">http:\/\/www.rallyesantander.com\/<\/a><\/p>\n","protected":false},"excerpt":{"rendered":"<p>Este fin de se celebra en Cantabria la edici\u00f3n 35 del Rallye Santander-Cantabria, que ser\u00e1 la segunda prueba puntuable del a\u00f1o para el Campeonato de Espa\u00f1a de Rallyes y que contar\u00e1 con 79 equipos en la salida. Cinco ser\u00e1n los equipos bizkainos que disputar\u00e1n la prueba, Gorka Antxustegi con el asturiano Alberto Iglesias con un [&hellip;]<\/p>\n","protected":false},"author":1,"featured_media":0,"comment_status":"closed","ping_status":"closed","sticky":false,"template":"","format":"standard","meta":{"footnotes":""},"categories":[63,51,56,10,54,96,5,4],"tags":[],"class_list":["post-1985","post","type-post","status-publish","format-standard","hentry","category-alonso","category-antxustegi","category-barredo","category-cantabria","category-lujua","category-marticorena","category-nacional","category-rallyes"],"_links":{"self":[{"href":"https:\/\/www.mfoto.es\/noticias\/index.php?rest_route=\/wp\/v2\/posts\/1985","targetHints":{"allow":["GET"]}}],"collection":[{"href":"https:\/\/www.mfoto.es\/noticias\/index.php?rest_route=\/wp\/v2\/posts"}],"about":[{"href":"https:\/\/www.mfoto.es\/noticias\/index.php?rest_route=\/wp\/v2\/types\/post"}],"author":[{"embeddable":true,"href":"https:\/\/www.mfoto.es\/noticias\/index.php?rest_route=\/wp\/v2\/users\/1"}],"replies":[{"embeddable":true,"href":"https:\/\/www.mfoto.es\/noticias\/index.php?rest_route=%2Fwp%2Fv2%2Fcomments&post=1985"}],"version-history":[{"count":5,"href":"https:\/\/www.mfoto.es\/noticias\/index.php?rest_route=\/wp\/v2\/posts\/1985\/revisions"}],"predecessor-version":[{"id":2035,"href":"https:\/\/www.mfoto.es\/noticias\/index.php?rest_route=\/wp\/v2\/posts\/1985\/revisions\/2035"}],"wp:attachment":[{"href":"https:\/\/www.mfoto.es\/noticias\/index.php?rest_route=%2Fwp%2Fv2%2Fmedia&parent=1985"}],"wp:term":[{"taxonomy":"category","embeddable":true,"href":"https:\/\/www.mfoto.es\/noticias\/index.php?rest_route=%2Fwp%2Fv2%2Fcategories&post=1985"},{"taxonomy":"post_tag","embeddable":true,"href":"https:\/\/www.mfoto.es\/noticias\/index.php?rest_route=%2Fwp%2Fv2%2Ftags&post=1985"}],"curies":[{"name":"wp","href":"https:\/\/api.w.org\/{rel}","templated":true}]}}