{"id":194,"date":"2010-05-03T13:48:36","date_gmt":"2010-05-03T12:48:36","guid":{"rendered":"http:\/\/www.mfoto.es\/2011\/?p=194"},"modified":"2010-05-03T13:48:36","modified_gmt":"2010-05-03T12:48:36","slug":"podium-skoda-en-el-rallye-islas-canarias","status":"publish","type":"post","link":"https:\/\/www.mfoto.es\/noticias\/?p=194","title":{"rendered":"Podium Skoda en el Rallye Islas Canarias"},"content":{"rendered":"<p><img loading=\"lazy\" decoding=\"async\" class=\"alignleft\" src=\"https:\/\/www.mfoto.es\/logos\/foto.gif\" alt=\"\" width=\"50\" height=\"36\" \/><\/p>\n<p><a href=\"https:\/\/www.mfoto.es\/fotos\/2010\/16_canarias\/index.html\">VER FOTOS DEL RALLYE ISLAS CANARIAS<\/a><br \/>\n<a href=\"https:\/\/www.mfoto.es\/2011\/wp-content\/uploads\/023_kopecky_canarias.jpg\"><\/a><\/p>\n<p><a href=\"https:\/\/www.mfoto.es\/noticias\/wp-content\/uploads_2012\/024_kopecky_canarias.jpg\"><img loading=\"lazy\" decoding=\"async\" class=\"alignnone size-full wp-image-204\" title=\"024_kopecky_canarias\" src=\"https:\/\/www.mfoto.es\/noticias\/wp-content\/uploads_2012\/024_kopecky_canarias.jpg\" alt=\"\" width=\"450\" height=\"300\" srcset=\"https:\/\/www.mfoto.es\/noticias\/wp-content\/uploads_2012\/024_kopecky_canarias.jpg 450w, https:\/\/www.mfoto.es\/noticias\/wp-content\/uploads_2012\/024_kopecky_canarias-300x200.jpg 300w\" sizes=\"auto, (max-width: 450px) 100vw, 450px\" \/><\/a><\/p>\n<p>El piloto checo Jan Kopecky con un Skoda Fabia S2000 del equipo Skoda Motorsport, se ha llevado la victoria en el 34\u00ba Rallye Islas Canarias puntuable para el IRC (Intercontinental Rally Challenge). A s\u00f3lo 9,1 segundos se ha situado el piloto finland\u00e9s Juho Haninnen, compa\u00f1ero de equipo del anterior y en tercera posici\u00f3n, a 36,4 segundos, el brit\u00e1nico Guy Wilks, ambos tambi\u00e9n con Skoda Fabia S2000.<\/p>\n<p>El canario Yeray Lemes lideraba la clasificaci\u00f3n IRC de dos ruedas motrices.<\/p>\n<p>La clasificaci\u00f3n para el Campeonato de Espa\u00f1a de Rallyes, fue ganada por Miguel Fuster con Porsche 911 GT3, seguido de Alberto Hevia con Skoda Fabia S2000 a 52 segundos y de Joan Vinyes con Suzuki Swift S1600 a 5:31,9.<\/p>\n<p>La Mitsubishi EVO CUP era para el piloto asturiano Fran Cima, seguido del madrile\u00f1o Ruben Gracia y del canario Oscar Cabrera.<\/p>\n<p>El campeonato canario era para Alfonso Viera con un Ford Focus WRC, por delante de Jose Mari Ponce con un BMW M3 a 6:03.6 y de Jose Luis Barrios con un Subaru WRX STI a 11:46.1.<\/p>\n<p>CLASIFICACI\u00d3N IRC:<\/p>\n<p>1\u00ba Kopecky-Stary (Skoda Fabia S2000) 2:12:27.4<br \/>\n2\u00ba Hanninen-Markkula (Skoda Fabia S2000) a 9,1<br \/>\n3\u00ba Wilks-Pugh (Skoda Fabia S2000) a 36,4<br \/>\n4\u00ba Meeke-Nagle (Peugeot 207 S2000) a 1:05,5<br \/>\n5\u00ba Magalhaes-Magalhaes (Peugeot 207 S2000) a 1:17,8<\/p>\n<p>CLASIFICACI\u00d3N CAMPEONATO ESPA\u00d1A DE RALLYES:<\/p>\n<p>1\u00ba Fuster-Avi\u00f1o (Porsche 911 GT3) 2:14:00,5<br \/>\n2\u00ba Hevia-Iglesias (Skoda Fabia S2000) a 52,0<br \/>\n3\u00ba Vinyes-Mercader (Suzuki Swift S1600) a 5:31,9<br \/>\n4\u00ba Cima-Noriega (Mitsubishi Evo X) a 6:14,7<br \/>\n5\u00ba Gracia-Sanjuan (Mitsubishi Evo X) a 8:33,4<\/p>\n","protected":false},"excerpt":{"rendered":"<p>VER FOTOS DEL RALLYE ISLAS CANARIAS El piloto checo Jan Kopecky con un Skoda Fabia S2000 del equipo Skoda Motorsport, se ha llevado la victoria en el 34\u00ba Rallye Islas Canarias puntuable para el IRC (Intercontinental Rally Challenge). A s\u00f3lo 9,1 segundos se ha situado el piloto finland\u00e9s Juho Haninnen, compa\u00f1ero de equipo del anterior [&hellip;]<\/p>\n","protected":false},"author":1,"featured_media":0,"comment_status":"closed","ping_status":"open","sticky":false,"template":"","format":"standard","meta":{"footnotes":""},"categories":[18,52,5,4],"tags":[],"class_list":["post-194","post","type-post","status-publish","format-standard","hentry","category-canarias","category-irc","category-nacional","category-rallyes"],"_links":{"self":[{"href":"https:\/\/www.mfoto.es\/noticias\/index.php?rest_route=\/wp\/v2\/posts\/194","targetHints":{"allow":["GET"]}}],"collection":[{"href":"https:\/\/www.mfoto.es\/noticias\/index.php?rest_route=\/wp\/v2\/posts"}],"about":[{"href":"https:\/\/www.mfoto.es\/noticias\/index.php?rest_route=\/wp\/v2\/types\/post"}],"author":[{"embeddable":true,"href":"https:\/\/www.mfoto.es\/noticias\/index.php?rest_route=\/wp\/v2\/users\/1"}],"replies":[{"embeddable":true,"href":"https:\/\/www.mfoto.es\/noticias\/index.php?rest_route=%2Fwp%2Fv2%2Fcomments&post=194"}],"version-history":[{"count":0,"href":"https:\/\/www.mfoto.es\/noticias\/index.php?rest_route=\/wp\/v2\/posts\/194\/revisions"}],"wp:attachment":[{"href":"https:\/\/www.mfoto.es\/noticias\/index.php?rest_route=%2Fwp%2Fv2%2Fmedia&parent=194"}],"wp:term":[{"taxonomy":"category","embeddable":true,"href":"https:\/\/www.mfoto.es\/noticias\/index.php?rest_route=%2Fwp%2Fv2%2Fcategories&post=194"},{"taxonomy":"post_tag","embeddable":true,"href":"https:\/\/www.mfoto.es\/noticias\/index.php?rest_route=%2Fwp%2Fv2%2Ftags&post=194"}],"curies":[{"name":"wp","href":"https:\/\/api.w.org\/{rel}","templated":true}]}}