{"id":1912,"date":"2013-02-25T10:16:34","date_gmt":"2013-02-25T09:16:34","guid":{"rendered":"http:\/\/www.mfoto.es\/noticias\/?p=1912"},"modified":"2013-02-25T10:19:06","modified_gmt":"2013-02-25T09:19:06","slug":"exhibicion-benefica-de-manolo-cabo-y-amigos","status":"publish","type":"post","link":"https:\/\/www.mfoto.es\/noticias\/?p=1912","title":{"rendered":"Exhibici\u00f3n ben\u00e9fica de Manolo Cabo y amigos"},"content":{"rendered":"<p><img loading=\"lazy\" decoding=\"async\" class=\"alignleft\" src=\"https:\/\/www.mfoto.es\/logos\/foto.gif\" alt=\"\" width=\"50\" height=\"36\" \/><\/p>\n<p><strong><a href=\"https:\/\/www.mfoto.es\/fotos\/2013\/003_cabo\/\">FOTOS EXHIBICI\u00d3N CABO Y AMIGOS<\/a><\/strong><\/p>\n<p><img loading=\"lazy\" decoding=\"async\" class=\"alignnone size-full wp-image-1913\" title=\"062_cabo\" src=\"https:\/\/www.mfoto.es\/noticias\/wp-content\/uploads_2012\/062_cabo.jpg\" alt=\"\" width=\"450\" height=\"299\" srcset=\"https:\/\/www.mfoto.es\/noticias\/wp-content\/uploads_2012\/062_cabo.jpg 450w, https:\/\/www.mfoto.es\/noticias\/wp-content\/uploads_2012\/062_cabo-300x199.jpg 300w\" sizes=\"auto, (max-width: 450px) 100vw, 450px\" \/><\/p>\n<p>Con un tiempo desapacible, se celebr\u00f3 en la localidad c\u00e1ntabra de Castro Urdiales, el Driving Day CABO Racing &amp; Friends Race, una exhibici\u00f3n automovil\u00edstica con fines ben\u00e9ficos para \u201cAldeas Infantiles\u201d.<\/p>\n<p>Participaron numerosos pilotos y al terminar se hizo entrega de una placa de \u201cHomenaje a\u00a0Campeones\u201d a Andr\u00e9s Vilari\u00f1o por su trayectoria deportiva.<\/p>\n<p>Por su parte, los hermanos Cabo agradecieron a pilotos y p\u00fablico, la asistencia a esta fiesta solidaria.<\/p>\n<p>&nbsp;<\/p>\n","protected":false},"excerpt":{"rendered":"<p>FOTOS EXHIBICI\u00d3N CABO Y AMIGOS Con un tiempo desapacible, se celebr\u00f3 en la localidad c\u00e1ntabra de Castro Urdiales, el Driving Day CABO Racing &amp; Friends Race, una exhibici\u00f3n automovil\u00edstica con fines ben\u00e9ficos para \u201cAldeas Infantiles\u201d. Participaron numerosos pilotos y al terminar se hizo entrega de una placa de \u201cHomenaje a\u00a0Campeones\u201d a Andr\u00e9s Vilari\u00f1o por su [&hellip;]<\/p>\n","protected":false},"author":1,"featured_media":0,"comment_status":"closed","ping_status":"closed","sticky":false,"template":"","format":"standard","meta":{"footnotes":""},"categories":[71,10,4],"tags":[],"class_list":["post-1912","post","type-post","status-publish","format-standard","hentry","category-cabo","category-cantabria","category-rallyes"],"_links":{"self":[{"href":"https:\/\/www.mfoto.es\/noticias\/index.php?rest_route=\/wp\/v2\/posts\/1912","targetHints":{"allow":["GET"]}}],"collection":[{"href":"https:\/\/www.mfoto.es\/noticias\/index.php?rest_route=\/wp\/v2\/posts"}],"about":[{"href":"https:\/\/www.mfoto.es\/noticias\/index.php?rest_route=\/wp\/v2\/types\/post"}],"author":[{"embeddable":true,"href":"https:\/\/www.mfoto.es\/noticias\/index.php?rest_route=\/wp\/v2\/users\/1"}],"replies":[{"embeddable":true,"href":"https:\/\/www.mfoto.es\/noticias\/index.php?rest_route=%2Fwp%2Fv2%2Fcomments&post=1912"}],"version-history":[{"count":3,"href":"https:\/\/www.mfoto.es\/noticias\/index.php?rest_route=\/wp\/v2\/posts\/1912\/revisions"}],"predecessor-version":[{"id":1916,"href":"https:\/\/www.mfoto.es\/noticias\/index.php?rest_route=\/wp\/v2\/posts\/1912\/revisions\/1916"}],"wp:attachment":[{"href":"https:\/\/www.mfoto.es\/noticias\/index.php?rest_route=%2Fwp%2Fv2%2Fmedia&parent=1912"}],"wp:term":[{"taxonomy":"category","embeddable":true,"href":"https:\/\/www.mfoto.es\/noticias\/index.php?rest_route=%2Fwp%2Fv2%2Fcategories&post=1912"},{"taxonomy":"post_tag","embeddable":true,"href":"https:\/\/www.mfoto.es\/noticias\/index.php?rest_route=%2Fwp%2Fv2%2Ftags&post=1912"}],"curies":[{"name":"wp","href":"https:\/\/api.w.org\/{rel}","templated":true}]}}