{"id":1895,"date":"2013-02-10T16:21:21","date_gmt":"2013-02-10T15:21:21","guid":{"rendered":"http:\/\/www.mfoto.es\/noticias\/?p=1895"},"modified":"2013-02-11T09:58:33","modified_gmt":"2013-02-11T08:58:33","slug":"entrega-de-premios-de-los-campeonatos-bizkainos-de-automovilismo-2012","status":"publish","type":"post","link":"https:\/\/www.mfoto.es\/noticias\/?p=1895","title":{"rendered":"Entrega de Premios de los Campeonatos Bizkainos de Automovilismo 2012"},"content":{"rendered":"<p><img loading=\"lazy\" decoding=\"async\" class=\"alignleft\" src=\"https:\/\/www.mfoto.es\/logos\/foto.gif\" alt=\"\" width=\"50\" height=\"36\" \/><\/p>\n<p><strong><a href=\"https:\/\/www.mfoto.es\/fotos\/2013\/001_gala_bizkaina\/\">FOTOS GALA FEDERACION BIZKAINA<\/a><\/strong><\/p>\n<p><img loading=\"lazy\" decoding=\"async\" class=\"alignnone size-full wp-image-1896\" title=\"060_gala_bizkaina\" src=\"https:\/\/www.mfoto.es\/noticias\/wp-content\/uploads_2012\/060_gala_bizkaina.jpg\" alt=\"\" width=\"450\" height=\"300\" srcset=\"https:\/\/www.mfoto.es\/noticias\/wp-content\/uploads_2012\/060_gala_bizkaina.jpg 450w, https:\/\/www.mfoto.es\/noticias\/wp-content\/uploads_2012\/060_gala_bizkaina-300x200.jpg 300w\" sizes=\"auto, (max-width: 450px) 100vw, 450px\" \/><\/p>\n<p>El s\u00e1bado 9 de Febrero, en el Gran Casino de Bilbao, se celebr\u00f3 la Gala de Entrega de Premios de los Campeonatos Bizkainos 2012.<\/p>\n<p>Los principales galardonados eran Xabier Lujua y Jes\u00fas Estrada (Campeones de Rallyes), Asier Rigada (Campe\u00f3n de Slalom) y Asier Santamar\u00eda y Joseba Mac\u00edas (Campeones de Regularidad Sport).<\/p>\n<p>Tambi\u00e9n tuvieron sus trofeos los ganadores de las diferentes clases de los campeonatos, que fueron entregados por Iker Torrontegi, presidente de la Federaci\u00f3n Bizkaina, Arturo Lago de la Real Pe\u00f1a Motorista Vizcaya, Pedro Urien de Abadi\u00f1o Karting Taldea\u00a0 y Jos\u00e9 Felipe M\u00fagica de la Escuder\u00eda Nervi\u00f3n.<\/p>\n<p>Para finalizar, se entregaron varias placas de reconocimiento a los deportistas de Bizkaia que han destacado en sus programas nacionales o extranjeros durante el 2012.<\/p>\n<p>La gala terminaba con el habitual lunch para los numerosos asistentes, donde todos comentaban sus planes para la nueva temporada.<\/p>\n<p>&nbsp;<\/p>\n","protected":false},"excerpt":{"rendered":"<p>FOTOS GALA FEDERACION BIZKAINA El s\u00e1bado 9 de Febrero, en el Gran Casino de Bilbao, se celebr\u00f3 la Gala de Entrega de Premios de los Campeonatos Bizkainos 2012. Los principales galardonados eran Xabier Lujua y Jes\u00fas Estrada (Campeones de Rallyes), Asier Rigada (Campe\u00f3n de Slalom) y Asier Santamar\u00eda y Joseba Mac\u00edas (Campeones de Regularidad Sport). [&hellip;]<\/p>\n","protected":false},"author":1,"featured_media":0,"comment_status":"closed","ping_status":"closed","sticky":false,"template":"","format":"standard","meta":{"footnotes":""},"categories":[9,16,54,4,13,50],"tags":[],"class_list":["post-1895","post","type-post","status-publish","format-standard","hentry","category-bizkaia","category-clasicos","category-lujua","category-rallyes","category-regularidad","category-slalom"],"_links":{"self":[{"href":"https:\/\/www.mfoto.es\/noticias\/index.php?rest_route=\/wp\/v2\/posts\/1895","targetHints":{"allow":["GET"]}}],"collection":[{"href":"https:\/\/www.mfoto.es\/noticias\/index.php?rest_route=\/wp\/v2\/posts"}],"about":[{"href":"https:\/\/www.mfoto.es\/noticias\/index.php?rest_route=\/wp\/v2\/types\/post"}],"author":[{"embeddable":true,"href":"https:\/\/www.mfoto.es\/noticias\/index.php?rest_route=\/wp\/v2\/users\/1"}],"replies":[{"embeddable":true,"href":"https:\/\/www.mfoto.es\/noticias\/index.php?rest_route=%2Fwp%2Fv2%2Fcomments&post=1895"}],"version-history":[{"count":6,"href":"https:\/\/www.mfoto.es\/noticias\/index.php?rest_route=\/wp\/v2\/posts\/1895\/revisions"}],"predecessor-version":[{"id":1903,"href":"https:\/\/www.mfoto.es\/noticias\/index.php?rest_route=\/wp\/v2\/posts\/1895\/revisions\/1903"}],"wp:attachment":[{"href":"https:\/\/www.mfoto.es\/noticias\/index.php?rest_route=%2Fwp%2Fv2%2Fmedia&parent=1895"}],"wp:term":[{"taxonomy":"category","embeddable":true,"href":"https:\/\/www.mfoto.es\/noticias\/index.php?rest_route=%2Fwp%2Fv2%2Fcategories&post=1895"},{"taxonomy":"post_tag","embeddable":true,"href":"https:\/\/www.mfoto.es\/noticias\/index.php?rest_route=%2Fwp%2Fv2%2Ftags&post=1895"}],"curies":[{"name":"wp","href":"https:\/\/api.w.org\/{rel}","templated":true}]}}