{"id":187,"date":"2010-05-01T20:07:10","date_gmt":"2010-05-01T19:07:10","guid":{"rendered":"http:\/\/www.mfoto.es\/2011\/?p=187"},"modified":"2010-05-01T20:07:10","modified_gmt":"2010-05-01T19:07:10","slug":"gorka-antxustegi-termina-segundo-en-s1600-en-canarias","status":"publish","type":"post","link":"https:\/\/www.mfoto.es\/noticias\/?p=187","title":{"rendered":"Gorka Antxustegi termina segundo en S1600 en Canarias"},"content":{"rendered":"<p><a href=\"https:\/\/www.mfoto.es\/noticias\/wp-content\/uploads_2012\/023_antxustegi_canarias_2.jpg\"><img loading=\"lazy\" decoding=\"async\" class=\"alignnone size-full wp-image-188\" title=\"023_antxustegi_canarias_2\" src=\"https:\/\/www.mfoto.es\/noticias\/wp-content\/uploads_2012\/023_antxustegi_canarias_2.jpg\" alt=\"\" width=\"450\" height=\"292\" srcset=\"https:\/\/www.mfoto.es\/noticias\/wp-content\/uploads_2012\/023_antxustegi_canarias_2.jpg 450w, https:\/\/www.mfoto.es\/noticias\/wp-content\/uploads_2012\/023_antxustegi_canarias_2-300x195.jpg 300w\" sizes=\"auto, (max-width: 450px) 100vw, 450px\" \/><\/a><\/p>\n<p>Gorka Antxustegi finaliz\u00f3 segundo clasificado en la categoria S1600 en el 34 Rallye Islas Canarias, tras su compa\u00f1ero de equipo, Joan Vinyes, ambos con sendos Suzuki Swift S1600 del equipo oficial de la marca, y en la clasificaci\u00f3n general para el Campeonato de Espa\u00f1a, finaliz\u00f3 en d\u00e9cima posici\u00f3n, a pesar de haber sufrido un vuelco sin consecuencias, que le hizo perder unos siete minutos.<\/p>\n<p>La prueba, que era puntuable para el Intercontinental Rally Challenge, fue ganada por el piloto checo Jan Kopecky seguido por el finland\u00e9s Juho Hanninen a 9,1 segundos y el tercer puesto fue para el brit\u00e1nico Guy Wilks a 36,4 segundos, los tres con Skoda Fabia S2000 del equipo oficial de la marca.<\/p>\n<p>La clasificaci\u00f3n para el Campeonato de Espa\u00f1a de Rallyes, fue ganada por Miguel Fuster con Porsche 911 GT3, seguido de Alberto Hevia con Skoda Fabia S2000 a 52 segundos y de Joan Vinyes con Suzuki Swift S1600 a 5:31,9.<\/p>\n<p>CLASIFICACI\u00d3N IRC<\/p>\n<p>1\u00ba Kopecky (Skoda Fabia S2000) 2:12:27.4<br \/>\n2\u00ba Hanninen (Skoda Fabia S2000) a 9,1<br \/>\n3\u00ba Wilks (Skoda Fabia S2000) a 36,4<br \/>\n4\u00ba Meeke (Peugeot 207 S2000) a 1:05,5<br \/>\n5\u00ba Magalhaes (Peugeot 207 S2000) a 1:17,8<\/p>\n<p>CLASIFICACI\u00d3N CAMPEONATO ESPA\u00d1A DE RALLYES<\/p>\n<p>1\u00ba Fuster (Porsche 911 GT3) 2:14:00,5<br \/>\n2\u00ba Hevia (Skoda Fabia S2000) a 52,0<br \/>\n3\u00ba Vinyes (Suzuki Swift S1600) a 5:31,9<br \/>\n4\u00ba Cima (Mitsubishi Evo X) a 6:14,7<br \/>\n5\u00ba Gracia (Mitsubishi Evo X) a 8:33,4<br \/>\n6\u00ba Vallejo (Ford Fiesta S2000) a 11:16,6<br \/>\n7\u00ba Barrios (Subaru Impreza) a 11:39,7<br \/>\n8\u00ba Lemes (Ford Fiesta R2) a 12:39,3<br \/>\n9\u00ba Cruz (Ford Fiesta R2) a 14:35,3<br \/>\n10\u00ba Antxustegi (Suzuki Swift S1600) a 14:39,8<\/p>\n","protected":false},"excerpt":{"rendered":"<p>Gorka Antxustegi finaliz\u00f3 segundo clasificado en la categoria S1600 en el 34 Rallye Islas Canarias, tras su compa\u00f1ero de equipo, Joan Vinyes, ambos con sendos Suzuki Swift S1600 del equipo oficial de la marca, y en la clasificaci\u00f3n general para el Campeonato de Espa\u00f1a, finaliz\u00f3 en d\u00e9cima posici\u00f3n, a pesar de haber sufrido un vuelco [&hellip;]<\/p>\n","protected":false},"author":1,"featured_media":0,"comment_status":"closed","ping_status":"open","sticky":false,"template":"","format":"standard","meta":{"footnotes":""},"categories":[51,18,52,5,4],"tags":[],"class_list":["post-187","post","type-post","status-publish","format-standard","hentry","category-antxustegi","category-canarias","category-irc","category-nacional","category-rallyes"],"_links":{"self":[{"href":"https:\/\/www.mfoto.es\/noticias\/index.php?rest_route=\/wp\/v2\/posts\/187","targetHints":{"allow":["GET"]}}],"collection":[{"href":"https:\/\/www.mfoto.es\/noticias\/index.php?rest_route=\/wp\/v2\/posts"}],"about":[{"href":"https:\/\/www.mfoto.es\/noticias\/index.php?rest_route=\/wp\/v2\/types\/post"}],"author":[{"embeddable":true,"href":"https:\/\/www.mfoto.es\/noticias\/index.php?rest_route=\/wp\/v2\/users\/1"}],"replies":[{"embeddable":true,"href":"https:\/\/www.mfoto.es\/noticias\/index.php?rest_route=%2Fwp%2Fv2%2Fcomments&post=187"}],"version-history":[{"count":0,"href":"https:\/\/www.mfoto.es\/noticias\/index.php?rest_route=\/wp\/v2\/posts\/187\/revisions"}],"wp:attachment":[{"href":"https:\/\/www.mfoto.es\/noticias\/index.php?rest_route=%2Fwp%2Fv2%2Fmedia&parent=187"}],"wp:term":[{"taxonomy":"category","embeddable":true,"href":"https:\/\/www.mfoto.es\/noticias\/index.php?rest_route=%2Fwp%2Fv2%2Fcategories&post=187"},{"taxonomy":"post_tag","embeddable":true,"href":"https:\/\/www.mfoto.es\/noticias\/index.php?rest_route=%2Fwp%2Fv2%2Ftags&post=187"}],"curies":[{"name":"wp","href":"https:\/\/api.w.org\/{rel}","templated":true}]}}