{"id":185,"date":"2010-04-28T14:51:24","date_gmt":"2010-04-28T13:51:24","guid":{"rendered":"http:\/\/www.mfoto.es\/2011\/?p=185"},"modified":"2010-04-28T14:51:24","modified_gmt":"2010-04-28T13:51:24","slug":"gorka-antxustegi-favorito-entre-los-s1600-en-el-rallye-islas-canarias","status":"publish","type":"post","link":"https:\/\/www.mfoto.es\/noticias\/?p=185","title":{"rendered":"Gorka Antxustegi favorito entre los S1600 en el Rallye Islas Canarias"},"content":{"rendered":"<p><a href=\"https:\/\/www.mfoto.es\/noticias\/wp-content\/uploads_2012\/022_antxustegi_canarias-1.jpg\"><\/a><\/p>\n<p><a href=\"https:\/\/www.mfoto.es\/noticias\/wp-content\/uploads_2012\/022_antxustegi_canarias-11.jpg\"><\/a><\/p>\n<p><a href=\"https:\/\/www.mfoto.es\/noticias\/wp-content\/uploads_2012\/022_antxustegi_canarias-1.jpg\"><img loading=\"lazy\" decoding=\"async\" class=\"alignnone size-full wp-image-209\" title=\"022_antxustegi_canarias\" src=\"https:\/\/www.mfoto.es\/noticias\/wp-content\/uploads_2012\/022_antxustegi_canarias-1.jpg\" alt=\"\" width=\"450\" height=\"299\" srcset=\"https:\/\/www.mfoto.es\/noticias\/wp-content\/uploads_2012\/022_antxustegi_canarias-1.jpg 450w, https:\/\/www.mfoto.es\/noticias\/wp-content\/uploads_2012\/022_antxustegi_canarias-1-300x199.jpg 300w\" sizes=\"auto, (max-width: 450px) 100vw, 450px\" \/><\/a><\/p>\n<p>El piloto bizkaino Gorka Antxustegi, sobre un Suzuki Swift S1600 del equipo oficial de la marca, disputar\u00e1 el 34\u00ba Rallye Islas Canarias, segunda cita del Campeonato de Espa\u00f1a de Rallyes de Asfalto, que se celebrar\u00e1 los d\u00edas 30 de Abril y 1 de Mayo en la isla de Gran Canaria y que tambi\u00e9n es puntuable para el IRC (Intercontinental Rally Challenge).<\/p>\n<p>Entre el Viernes y el S\u00e1bado se disputar\u00e1n 15 tramos cronometrados que sumar\u00e1n 221 kil\u00f3metros cronometrados.<\/p>\n<p>Actualmente Gorka Antxustegi es el segundo clasificado de la Copa de Espa\u00f1a de 2 Ruedas Motrices hasta 2000 c.c. y noveno clasificado absoluto del Campeonato de Espa\u00f1a de Rallyes 2010.<\/p>\n","protected":false},"excerpt":{"rendered":"<p>El piloto bizkaino Gorka Antxustegi, sobre un Suzuki Swift S1600 del equipo oficial de la marca, disputar\u00e1 el 34\u00ba Rallye Islas Canarias, segunda cita del Campeonato de Espa\u00f1a de Rallyes de Asfalto, que se celebrar\u00e1 los d\u00edas 30 de Abril y 1 de Mayo en la isla de Gran Canaria y que tambi\u00e9n es puntuable [&hellip;]<\/p>\n","protected":false},"author":1,"featured_media":0,"comment_status":"closed","ping_status":"open","sticky":false,"template":"","format":"standard","meta":{"footnotes":""},"categories":[51,18,52,5,4],"tags":[],"class_list":["post-185","post","type-post","status-publish","format-standard","hentry","category-antxustegi","category-canarias","category-irc","category-nacional","category-rallyes"],"_links":{"self":[{"href":"https:\/\/www.mfoto.es\/noticias\/index.php?rest_route=\/wp\/v2\/posts\/185","targetHints":{"allow":["GET"]}}],"collection":[{"href":"https:\/\/www.mfoto.es\/noticias\/index.php?rest_route=\/wp\/v2\/posts"}],"about":[{"href":"https:\/\/www.mfoto.es\/noticias\/index.php?rest_route=\/wp\/v2\/types\/post"}],"author":[{"embeddable":true,"href":"https:\/\/www.mfoto.es\/noticias\/index.php?rest_route=\/wp\/v2\/users\/1"}],"replies":[{"embeddable":true,"href":"https:\/\/www.mfoto.es\/noticias\/index.php?rest_route=%2Fwp%2Fv2%2Fcomments&post=185"}],"version-history":[{"count":0,"href":"https:\/\/www.mfoto.es\/noticias\/index.php?rest_route=\/wp\/v2\/posts\/185\/revisions"}],"wp:attachment":[{"href":"https:\/\/www.mfoto.es\/noticias\/index.php?rest_route=%2Fwp%2Fv2%2Fmedia&parent=185"}],"wp:term":[{"taxonomy":"category","embeddable":true,"href":"https:\/\/www.mfoto.es\/noticias\/index.php?rest_route=%2Fwp%2Fv2%2Fcategories&post=185"},{"taxonomy":"post_tag","embeddable":true,"href":"https:\/\/www.mfoto.es\/noticias\/index.php?rest_route=%2Fwp%2Fv2%2Ftags&post=185"}],"curies":[{"name":"wp","href":"https:\/\/api.w.org\/{rel}","templated":true}]}}