{"id":1828,"date":"2012-09-30T19:01:22","date_gmt":"2012-09-30T18:01:22","guid":{"rendered":"http:\/\/www.mfoto.es\/noticias\/?p=1828"},"modified":"2012-10-29T17:18:55","modified_gmt":"2012-10-29T16:18:55","slug":"los-hermanos-vallejo-ganan-con-el-porsche-en-llanes","status":"publish","type":"post","link":"https:\/\/www.mfoto.es\/noticias\/?p=1828","title":{"rendered":"Los hermanos Vallejo ganan con el Porsche en Llanes"},"content":{"rendered":"<p><img loading=\"lazy\" decoding=\"async\" class=\"alignleft\" src=\"https:\/\/www.mfoto.es\/logos\/foto.gif\" alt=\"\" width=\"50\" height=\"36\" \/><\/p>\n<p><strong><a href=\"https:\/\/www.mfoto.es\/fotos\/2012\/025_llanes\/\">FOTOS RALLYE DE LLANES<\/a><\/strong><\/p>\n<p><img loading=\"lazy\" decoding=\"async\" class=\"alignnone size-full wp-image-1829\" title=\"049_vallejo_llanes\" src=\"https:\/\/www.mfoto.es\/noticias\/wp-content\/uploads_2012\/049_vallejo_llanes.jpg\" alt=\"\" width=\"450\" height=\"300\" srcset=\"https:\/\/www.mfoto.es\/noticias\/wp-content\/uploads_2012\/049_vallejo_llanes.jpg 450w, https:\/\/www.mfoto.es\/noticias\/wp-content\/uploads_2012\/049_vallejo_llanes-300x200.jpg 300w\" sizes=\"auto, (max-width: 450px) 100vw, 450px\" \/><\/p>\n<p>En un emocionante final en el Rallye Villa de Llanes, los hermanos Vallejo llevaban el Porsche 997 GT3 hasta la victoria. La segunda plaza a un minuto, era para Fuster con id\u00e9ntica montura y la tercera, a 2:13, para Hevia y el Skoda Fabia S2000, que era el l\u00edder a mitad de la prueba y perd\u00eda la ventaja acumulada por una ligera salida de carretera y al fallar en la elecci\u00f3n de los neum\u00e1ticos para los dos \u00faltimos tramos.<\/p>\n<p>Gorka Antxustegi consegu\u00eda llevar a meta el Suzuki Swift S1600 en la primera posici\u00f3n de la Copa de Espa\u00f1a de Rallyes, por delante de Enrique Garc\u00eda Ojeda con el Citroen DS3 y de Estevan Vall\u00edn con el Opel Corsa OPC.<\/p>\n<p>En las copas de promoci\u00f3n, el madrile\u00f1o Daniel Marb\u00e1n era el primer clasificado en la Mitsubishi Evo Cup y en la Copa de Espa\u00f1a de Grupo N, Marcos Rodr\u00edguez venc\u00eda en la Copa Suzuki Swift y el Trofeo Suzuki lo ganaba el c\u00e1ntabro Daniel Mart\u00ednez.<\/p>\n<p><em>Clasificaci\u00f3n:<\/em><br \/>\n1\u00ba Vallejo-Vallejo (Porsche 997 GT3) 1:46:35.0<br \/>\n2\u00ba Fuster-Avi\u00f1o (Porsche 997 GT3) a 1:00.3<br \/>\n3\u00ba Hevia-Alvarez (Skoda Fabia S2000) a 2:13.5<br \/>\n4\u00ba Pons-Amigo (Porsche 997 GT3) a 3:21.6<br \/>\n5\u00ba Mantec\u00f3n-Noriega (Volkswagen Polo N1) a 5:14.5<\/p>\n","protected":false},"excerpt":{"rendered":"<p>FOTOS RALLYE DE LLANES En un emocionante final en el Rallye Villa de Llanes, los hermanos Vallejo llevaban el Porsche 997 GT3 hasta la victoria. La segunda plaza a un minuto, era para Fuster con id\u00e9ntica montura y la tercera, a 2:13, para Hevia y el Skoda Fabia S2000, que era el l\u00edder a mitad [&hellip;]<\/p>\n","protected":false},"author":1,"featured_media":0,"comment_status":"closed","ping_status":"closed","sticky":false,"template":"","format":"standard","meta":{"footnotes":""},"categories":[51,15,68,69,53,5,77,4,84],"tags":[],"class_list":["post-1828","post","type-post","status-publish","format-standard","hentry","category-antxustegi","category-asturias","category-fuster","category-hevia","category-mantecon","category-nacional","category-ojeda","category-rallyes","category-vallejo"],"_links":{"self":[{"href":"https:\/\/www.mfoto.es\/noticias\/index.php?rest_route=\/wp\/v2\/posts\/1828","targetHints":{"allow":["GET"]}}],"collection":[{"href":"https:\/\/www.mfoto.es\/noticias\/index.php?rest_route=\/wp\/v2\/posts"}],"about":[{"href":"https:\/\/www.mfoto.es\/noticias\/index.php?rest_route=\/wp\/v2\/types\/post"}],"author":[{"embeddable":true,"href":"https:\/\/www.mfoto.es\/noticias\/index.php?rest_route=\/wp\/v2\/users\/1"}],"replies":[{"embeddable":true,"href":"https:\/\/www.mfoto.es\/noticias\/index.php?rest_route=%2Fwp%2Fv2%2Fcomments&post=1828"}],"version-history":[{"count":6,"href":"https:\/\/www.mfoto.es\/noticias\/index.php?rest_route=\/wp\/v2\/posts\/1828\/revisions"}],"predecessor-version":[{"id":1863,"href":"https:\/\/www.mfoto.es\/noticias\/index.php?rest_route=\/wp\/v2\/posts\/1828\/revisions\/1863"}],"wp:attachment":[{"href":"https:\/\/www.mfoto.es\/noticias\/index.php?rest_route=%2Fwp%2Fv2%2Fmedia&parent=1828"}],"wp:term":[{"taxonomy":"category","embeddable":true,"href":"https:\/\/www.mfoto.es\/noticias\/index.php?rest_route=%2Fwp%2Fv2%2Fcategories&post=1828"},{"taxonomy":"post_tag","embeddable":true,"href":"https:\/\/www.mfoto.es\/noticias\/index.php?rest_route=%2Fwp%2Fv2%2Ftags&post=1828"}],"curies":[{"name":"wp","href":"https:\/\/api.w.org\/{rel}","templated":true}]}}