{"id":1823,"date":"2012-09-28T08:23:50","date_gmt":"2012-09-28T07:23:50","guid":{"rendered":"http:\/\/www.mfoto.es\/noticias\/?p=1823"},"modified":"2012-09-28T08:33:59","modified_gmt":"2012-09-28T07:33:59","slug":"el-rallye-de-llanes-contara-con-dos-equipos-vascos-en-la-salida","status":"publish","type":"post","link":"https:\/\/www.mfoto.es\/noticias\/?p=1823","title":{"rendered":"El Rallye de Llanes contar\u00e1 con dos equipos vascos en la salida"},"content":{"rendered":"<p><img loading=\"lazy\" decoding=\"async\" class=\"alignnone size-full wp-image-1824\" title=\"048_izagirre_llanes\" src=\"https:\/\/www.mfoto.es\/noticias\/wp-content\/uploads_2012\/048_izagirre_llanes.jpg\" alt=\"\" width=\"450\" height=\"300\" srcset=\"https:\/\/www.mfoto.es\/noticias\/wp-content\/uploads_2012\/048_izagirre_llanes.jpg 450w, https:\/\/www.mfoto.es\/noticias\/wp-content\/uploads_2012\/048_izagirre_llanes-300x200.jpg 300w\" sizes=\"auto, (max-width: 450px) 100vw, 450px\" \/><\/p>\n<p>El s\u00e1bado 29 de Septiembre se celebrar\u00e1 en Asturias la\u00a0trig\u00e9simo\u00a0sexta edici\u00f3n del Rallye de Llanes.<\/p>\n<p>Dos equipos vascos tomar\u00e1n parte en la prueba, el bizkaino Gorka Antxustegi con un Suzuki \u00a0Swift S1600 y los gipuzkoanos Igor Izagirre y Angel Ruiz dentro de la Copa Suzuki.<\/p>\n<p>En el Rallye de Llanes se correr\u00e1 en los tramos de Nueva-Labra, Arriondas-Carmen, La\u00a0Torner\u00eda\u00a0y Valle Oscuru. Ser\u00e1n 157 km. cronometrados para un recorrido total de 462 km. y ser\u00e1 la s\u00e9ptima prueba del Campeonato de Espa\u00f1a de Rallyes 2012.<\/p>\n<p>La prueba arrancar\u00e1 en Llanes el s\u00e1bado 29 a las 8:00 horas y la llegada ser\u00e1 a las 21:00 junto a la playa del Sabl\u00f3n.<\/p>\n<p>&nbsp;<\/p>\n<p>M\u00e1s informaci\u00f3n:<\/p>\n<p><a href=\"http:\/\/www.rallyellanes.com\/\" target=\"_blank\">http:\/\/www.rallyellanes.com\/<\/a><\/p>\n<p>&nbsp;<\/p>\n","protected":false},"excerpt":{"rendered":"<p>El s\u00e1bado 29 de Septiembre se celebrar\u00e1 en Asturias la\u00a0trig\u00e9simo\u00a0sexta edici\u00f3n del Rallye de Llanes. Dos equipos vascos tomar\u00e1n parte en la prueba, el bizkaino Gorka Antxustegi con un Suzuki \u00a0Swift S1600 y los gipuzkoanos Igor Izagirre y Angel Ruiz dentro de la Copa Suzuki. En el Rallye de Llanes se correr\u00e1 en los tramos [&hellip;]<\/p>\n","protected":false},"author":1,"featured_media":0,"comment_status":"closed","ping_status":"closed","sticky":false,"template":"","format":"standard","meta":{"footnotes":""},"categories":[51,15,61,5,4],"tags":[],"class_list":["post-1823","post","type-post","status-publish","format-standard","hentry","category-antxustegi","category-asturias","category-izaguirre","category-nacional","category-rallyes"],"_links":{"self":[{"href":"https:\/\/www.mfoto.es\/noticias\/index.php?rest_route=\/wp\/v2\/posts\/1823","targetHints":{"allow":["GET"]}}],"collection":[{"href":"https:\/\/www.mfoto.es\/noticias\/index.php?rest_route=\/wp\/v2\/posts"}],"about":[{"href":"https:\/\/www.mfoto.es\/noticias\/index.php?rest_route=\/wp\/v2\/types\/post"}],"author":[{"embeddable":true,"href":"https:\/\/www.mfoto.es\/noticias\/index.php?rest_route=\/wp\/v2\/users\/1"}],"replies":[{"embeddable":true,"href":"https:\/\/www.mfoto.es\/noticias\/index.php?rest_route=%2Fwp%2Fv2%2Fcomments&post=1823"}],"version-history":[{"count":3,"href":"https:\/\/www.mfoto.es\/noticias\/index.php?rest_route=\/wp\/v2\/posts\/1823\/revisions"}],"predecessor-version":[{"id":1827,"href":"https:\/\/www.mfoto.es\/noticias\/index.php?rest_route=\/wp\/v2\/posts\/1823\/revisions\/1827"}],"wp:attachment":[{"href":"https:\/\/www.mfoto.es\/noticias\/index.php?rest_route=%2Fwp%2Fv2%2Fmedia&parent=1823"}],"wp:term":[{"taxonomy":"category","embeddable":true,"href":"https:\/\/www.mfoto.es\/noticias\/index.php?rest_route=%2Fwp%2Fv2%2Fcategories&post=1823"},{"taxonomy":"post_tag","embeddable":true,"href":"https:\/\/www.mfoto.es\/noticias\/index.php?rest_route=%2Fwp%2Fv2%2Ftags&post=1823"}],"curies":[{"name":"wp","href":"https:\/\/api.w.org\/{rel}","templated":true}]}}