{"id":1811,"date":"2012-09-17T10:57:50","date_gmt":"2012-09-17T09:57:50","guid":{"rendered":"http:\/\/www.mfoto.es\/noticias\/?p=1811"},"modified":"2012-09-18T10:58:58","modified_gmt":"2012-09-18T09:58:58","slug":"mal-resultado-para-los-equipos-vascos-en-el-rallye-principe-de-asturias","status":"publish","type":"post","link":"https:\/\/www.mfoto.es\/noticias\/?p=1811","title":{"rendered":"Mal resultado para los equipos vascos en el Rallye Pr\u00edncipe de Asturias"},"content":{"rendered":"<p><img loading=\"lazy\" decoding=\"async\" class=\"alignleft\" src=\"https:\/\/www.mfoto.es\/logos\/foto.gif\" alt=\"\" width=\"50\" height=\"36\" \/><\/p>\n<p><strong><a href=\"https:\/\/www.mfoto.es\/fotos\/2012\/023_principe\/\">FOTOS RALLYE PR\u00cdNCIPE DE ASTURIAS<\/a><\/strong><\/p>\n<p><img loading=\"lazy\" decoding=\"async\" class=\"alignnone size-full wp-image-1812\" title=\"046_lujua_principe\" src=\"https:\/\/www.mfoto.es\/noticias\/wp-content\/uploads_2012\/046_lujua_principe.jpg\" alt=\"\" width=\"450\" height=\"299\" srcset=\"https:\/\/www.mfoto.es\/noticias\/wp-content\/uploads_2012\/046_lujua_principe.jpg 450w, https:\/\/www.mfoto.es\/noticias\/wp-content\/uploads_2012\/046_lujua_principe-300x199.jpg 300w\" sizes=\"auto, (max-width: 450px) 100vw, 450px\" \/><\/p>\n<p>Los tres equipos vascos presentes en el Rallye Pr\u00edncipe de Asturias se vieron obligados a abandonar por diferentes motivos.<\/p>\n<p>Gorka Antxustegi abandonaba por aver\u00eda con el Suzuki Swift S1600 cuando rodaba en la tercera posici\u00f3n de la clasificaci\u00f3n europea y tras haber marcado el mejor tiempo en dos tramos cronometrados.<\/p>\n<p>El campeon vasco de rallyes, Xabier Lujua, se retiraba con el Abarth Punto Evo de la Federaci\u00f3n Vasca de Automovilismo, con el que no pudo mostrar su potencial en ning\u00fan momento, con un coche falto de puesta a punto.<\/p>\n<p>Igor Izagirre y Angel Ruiz tambi\u00e9n dejaban la prueba por problemas mec\u00e1nicos en su Suzuki Swift Sport cuando ocupaban la quinta posici\u00f3n de la Copa Suzuki.<\/p>\n<p>&nbsp;<\/p>\n","protected":false},"excerpt":{"rendered":"<p>FOTOS RALLYE PR\u00cdNCIPE DE ASTURIAS Los tres equipos vascos presentes en el Rallye Pr\u00edncipe de Asturias se vieron obligados a abandonar por diferentes motivos. Gorka Antxustegi abandonaba por aver\u00eda con el Suzuki Swift S1600 cuando rodaba en la tercera posici\u00f3n de la clasificaci\u00f3n europea y tras haber marcado el mejor tiempo en dos tramos cronometrados. [&hellip;]<\/p>\n","protected":false},"author":1,"featured_media":0,"comment_status":"closed","ping_status":"closed","sticky":false,"template":"","format":"standard","meta":{"footnotes":""},"categories":[51,15,61,54,5,4],"tags":[],"class_list":["post-1811","post","type-post","status-publish","format-standard","hentry","category-antxustegi","category-asturias","category-izaguirre","category-lujua","category-nacional","category-rallyes"],"_links":{"self":[{"href":"https:\/\/www.mfoto.es\/noticias\/index.php?rest_route=\/wp\/v2\/posts\/1811","targetHints":{"allow":["GET"]}}],"collection":[{"href":"https:\/\/www.mfoto.es\/noticias\/index.php?rest_route=\/wp\/v2\/posts"}],"about":[{"href":"https:\/\/www.mfoto.es\/noticias\/index.php?rest_route=\/wp\/v2\/types\/post"}],"author":[{"embeddable":true,"href":"https:\/\/www.mfoto.es\/noticias\/index.php?rest_route=\/wp\/v2\/users\/1"}],"replies":[{"embeddable":true,"href":"https:\/\/www.mfoto.es\/noticias\/index.php?rest_route=%2Fwp%2Fv2%2Fcomments&post=1811"}],"version-history":[{"count":3,"href":"https:\/\/www.mfoto.es\/noticias\/index.php?rest_route=\/wp\/v2\/posts\/1811\/revisions"}],"predecessor-version":[{"id":1815,"href":"https:\/\/www.mfoto.es\/noticias\/index.php?rest_route=\/wp\/v2\/posts\/1811\/revisions\/1815"}],"wp:attachment":[{"href":"https:\/\/www.mfoto.es\/noticias\/index.php?rest_route=%2Fwp%2Fv2%2Fmedia&parent=1811"}],"wp:term":[{"taxonomy":"category","embeddable":true,"href":"https:\/\/www.mfoto.es\/noticias\/index.php?rest_route=%2Fwp%2Fv2%2Fcategories&post=1811"},{"taxonomy":"post_tag","embeddable":true,"href":"https:\/\/www.mfoto.es\/noticias\/index.php?rest_route=%2Fwp%2Fv2%2Ftags&post=1811"}],"curies":[{"name":"wp","href":"https:\/\/api.w.org\/{rel}","templated":true}]}}