{"id":1804,"date":"2012-09-16T18:17:31","date_gmt":"2012-09-16T17:17:31","guid":{"rendered":"http:\/\/www.mfoto.es\/noticias\/?p=1804"},"modified":"2012-10-29T17:19:54","modified_gmt":"2012-10-29T16:19:54","slug":"hevia-gana-un-infortunado-rallye-principe-de-asturias","status":"publish","type":"post","link":"https:\/\/www.mfoto.es\/noticias\/?p=1804","title":{"rendered":"Hevia gana un infortunado Rallye Pr\u00edncipe de Asturias"},"content":{"rendered":"<p><img loading=\"lazy\" decoding=\"async\" class=\"alignleft\" src=\"https:\/\/www.mfoto.es\/logos\/foto.gif\" alt=\"\" width=\"50\" height=\"36\" \/><\/p>\n<p><strong><a href=\"https:\/\/www.mfoto.es\/fotos\/2012\/023_principe\/\">FOTOS RALLYE PR\u00cdNCIPE DE ASTURIAS<\/a><\/strong><\/p>\n<p><img loading=\"lazy\" decoding=\"async\" class=\"alignnone size-full wp-image-1805\" title=\"045_hevia_principe\" src=\"https:\/\/www.mfoto.es\/noticias\/wp-content\/uploads_2012\/045_hevia_principe.jpg\" alt=\"\" width=\"450\" height=\"300\" srcset=\"https:\/\/www.mfoto.es\/noticias\/wp-content\/uploads_2012\/045_hevia_principe.jpg 450w, https:\/\/www.mfoto.es\/noticias\/wp-content\/uploads_2012\/045_hevia_principe-300x200.jpg 300w\" sizes=\"auto, (max-width: 450px) 100vw, 450px\" \/><\/p>\n<p>Alberto Hevia con el Skoda Fabia S2000 ganaba la 49 edici\u00f3n del Rallye Pr\u00edncipe de\u00a0Asturias por delante de Miguel Fuster y de Sergio Vallejo, ambos con Porsche 997 GT3.<\/p>\n<p>En la clasificaci\u00f3n v\u00e1lida para el Campeonato de Europa, Joan Vinyes era el primer \u00a0clasificado con el Suzuki Swift S1600, la segunda plaza era para el polaco Michal Solowow con un Peugeot 207 S2000 y la tercera posici\u00f3n para Surhayen Pern\u00eda con un Ford Fiesta R2.<\/p>\n<p>La nota m\u00e1s triste del rallye fue la salida de carretera del checo Antonin Tlustak con su Skoda Fabia S2000 en la que falleci\u00f3 un aficionado y que provoc\u00f3 en la pr\u00e1ctica el final de la prueba.<\/p>\n<p>En las copas de promoci\u00f3n los triunfos fueron para Alberto Monarri en la Challenge Twingo R2, Daniel Marb\u00e1n en la Mitsubishi Evo Cup, Pablo Paz\u00f3 en la Copa Suzuki Swift y Pedro Freire en el Trofeo Suzuki Swift.<\/p>\n<p><em>Clasificaci\u00f3n Cto. de Espa\u00f1a:<\/em><br \/>\n1\u00ba Hevia-Alvarez (Skoda Fabia S2000)<br \/>\n2\u00ba Fuster-Avi\u00f1o (Porsche 997 GT3) a 14.2<br \/>\n3\u00ba Vallejo-Vallejo (Porsche 997 GT3) a 27.4<\/p>\n<p><em>Clasificaci\u00f3n Cto. de Europa:<\/em><br \/>\n1\u00ba Vinyes-Mercader (Suzuki Swift S1600) 1:38:44.7<br \/>\n2\u00ba Solowow-Baran (Peugeot 207 S2000) a 43.6<br \/>\n3\u00ba Pern\u00eda-Garc\u00eda (Ford Fiesta R2) a 5:20.2<\/p>\n","protected":false},"excerpt":{"rendered":"<p>FOTOS RALLYE PR\u00cdNCIPE DE ASTURIAS Alberto Hevia con el Skoda Fabia S2000 ganaba la 49 edici\u00f3n del Rallye Pr\u00edncipe de\u00a0Asturias por delante de Miguel Fuster y de Sergio Vallejo, ambos con Porsche 997 GT3. En la clasificaci\u00f3n v\u00e1lida para el Campeonato de Europa, Joan Vinyes era el primer \u00a0clasificado con el Suzuki Swift S1600, la [&hellip;]<\/p>\n","protected":false},"author":1,"featured_media":0,"comment_status":"closed","ping_status":"closed","sticky":false,"template":"","format":"standard","meta":{"footnotes":""},"categories":[15,68,69,5,4,84,72],"tags":[],"class_list":["post-1804","post","type-post","status-publish","format-standard","hentry","category-asturias","category-fuster","category-hevia","category-nacional","category-rallyes","category-vallejo","category-vinyes"],"_links":{"self":[{"href":"https:\/\/www.mfoto.es\/noticias\/index.php?rest_route=\/wp\/v2\/posts\/1804","targetHints":{"allow":["GET"]}}],"collection":[{"href":"https:\/\/www.mfoto.es\/noticias\/index.php?rest_route=\/wp\/v2\/posts"}],"about":[{"href":"https:\/\/www.mfoto.es\/noticias\/index.php?rest_route=\/wp\/v2\/types\/post"}],"author":[{"embeddable":true,"href":"https:\/\/www.mfoto.es\/noticias\/index.php?rest_route=\/wp\/v2\/users\/1"}],"replies":[{"embeddable":true,"href":"https:\/\/www.mfoto.es\/noticias\/index.php?rest_route=%2Fwp%2Fv2%2Fcomments&post=1804"}],"version-history":[{"count":6,"href":"https:\/\/www.mfoto.es\/noticias\/index.php?rest_route=\/wp\/v2\/posts\/1804\/revisions"}],"predecessor-version":[{"id":1865,"href":"https:\/\/www.mfoto.es\/noticias\/index.php?rest_route=\/wp\/v2\/posts\/1804\/revisions\/1865"}],"wp:attachment":[{"href":"https:\/\/www.mfoto.es\/noticias\/index.php?rest_route=%2Fwp%2Fv2%2Fmedia&parent=1804"}],"wp:term":[{"taxonomy":"category","embeddable":true,"href":"https:\/\/www.mfoto.es\/noticias\/index.php?rest_route=%2Fwp%2Fv2%2Fcategories&post=1804"},{"taxonomy":"post_tag","embeddable":true,"href":"https:\/\/www.mfoto.es\/noticias\/index.php?rest_route=%2Fwp%2Fv2%2Ftags&post=1804"}],"curies":[{"name":"wp","href":"https:\/\/api.w.org\/{rel}","templated":true}]}}