{"id":1800,"date":"2012-09-13T14:26:52","date_gmt":"2012-09-13T13:26:52","guid":{"rendered":"http:\/\/www.mfoto.es\/noticias\/?p=1800"},"modified":"2012-09-13T14:26:52","modified_gmt":"2012-09-13T13:26:52","slug":"dos-pilotos-bizkainos-en-el-rallye-principe-de-asturias","status":"publish","type":"post","link":"https:\/\/www.mfoto.es\/noticias\/?p=1800","title":{"rendered":"Dos pilotos bizkainos en el Rallye Pr\u00edncipe de Asturias"},"content":{"rendered":"<p><img loading=\"lazy\" decoding=\"async\" class=\"alignnone size-full wp-image-1801\" title=\"044_antxustegi_principe\" src=\"https:\/\/www.mfoto.es\/noticias\/wp-content\/uploads_2012\/044_antxustegi_principe.jpg\" alt=\"\" width=\"450\" height=\"300\" srcset=\"https:\/\/www.mfoto.es\/noticias\/wp-content\/uploads_2012\/044_antxustegi_principe.jpg 450w, https:\/\/www.mfoto.es\/noticias\/wp-content\/uploads_2012\/044_antxustegi_principe-300x200.jpg 300w\" sizes=\"auto, (max-width: 450px) 100vw, 450px\" \/><\/p>\n<p>Los d\u00edas 14 y 15 de Septiembre se celebra la edici\u00f3n 49 del Rallye Pr\u00edncipe de Asturias, con puntuabilidad para el Campeonato de Europa y de Espa\u00f1a de Rallyes.<\/p>\n<p>Dos pilotos bizkainos tomar\u00e1n parte en la prueba, Gorka Antxustegi con el Suzuki Swift S1600 del equipo Suzuki Ib\u00e9rica, que ser\u00e1 copilotado en esta ocasi\u00f3n por el asturiano Alberto Iglesias y el campe\u00f3n vasco de rallyes, Xabier Lujua con su copiloto habitual, el c\u00e1ntabro Jes\u00fas Estrada que correr\u00e1n con un Abarth Punto EVO.<\/p>\n<p>Tambi\u00e9n tomar\u00e1n parte en la prueba los gipuzkoanos Igor Izagirre y Angel Ruiz con un Suzuki Swift Sport.<\/p>\n<p>El Rallye Pr\u00edncipe de Asturias tiene un recorrido total de 605 km. de los que 235 km. son tramos cronometrados. El viernes 14 se disputar\u00e1n los tramos de Morc\u00edn y Corvera y el s\u00e1bado 15 los de Gij\u00f3n, Villaviciosa-Colunga y Nava.<\/p>\n<p>La salida ser\u00e1 el viernes 14 a las 18:00 y la llegada el s\u00e1bado 15 a las 19:15 en el Paseo del Bomb\u00e9 de Oviedo.<\/p>\n<p>M\u00e1s informaci\u00f3n:<\/p>\n<p><a href=\"http:\/\/www.rallyprincipe.com\/\" target=\"_blank\">http:\/\/www.rallyprincipe.com\/<\/a><\/p>\n<p>&nbsp;<\/p>\n","protected":false},"excerpt":{"rendered":"<p>Los d\u00edas 14 y 15 de Septiembre se celebra la edici\u00f3n 49 del Rallye Pr\u00edncipe de Asturias, con puntuabilidad para el Campeonato de Europa y de Espa\u00f1a de Rallyes. Dos pilotos bizkainos tomar\u00e1n parte en la prueba, Gorka Antxustegi con el Suzuki Swift S1600 del equipo Suzuki Ib\u00e9rica, que ser\u00e1 copilotado en esta ocasi\u00f3n por [&hellip;]<\/p>\n","protected":false},"author":1,"featured_media":0,"comment_status":"closed","ping_status":"closed","sticky":false,"template":"","format":"standard","meta":{"footnotes":""},"categories":[51,15,61,54,5,4],"tags":[],"class_list":["post-1800","post","type-post","status-publish","format-standard","hentry","category-antxustegi","category-asturias","category-izaguirre","category-lujua","category-nacional","category-rallyes"],"_links":{"self":[{"href":"https:\/\/www.mfoto.es\/noticias\/index.php?rest_route=\/wp\/v2\/posts\/1800","targetHints":{"allow":["GET"]}}],"collection":[{"href":"https:\/\/www.mfoto.es\/noticias\/index.php?rest_route=\/wp\/v2\/posts"}],"about":[{"href":"https:\/\/www.mfoto.es\/noticias\/index.php?rest_route=\/wp\/v2\/types\/post"}],"author":[{"embeddable":true,"href":"https:\/\/www.mfoto.es\/noticias\/index.php?rest_route=\/wp\/v2\/users\/1"}],"replies":[{"embeddable":true,"href":"https:\/\/www.mfoto.es\/noticias\/index.php?rest_route=%2Fwp%2Fv2%2Fcomments&post=1800"}],"version-history":[{"count":2,"href":"https:\/\/www.mfoto.es\/noticias\/index.php?rest_route=\/wp\/v2\/posts\/1800\/revisions"}],"predecessor-version":[{"id":1803,"href":"https:\/\/www.mfoto.es\/noticias\/index.php?rest_route=\/wp\/v2\/posts\/1800\/revisions\/1803"}],"wp:attachment":[{"href":"https:\/\/www.mfoto.es\/noticias\/index.php?rest_route=%2Fwp%2Fv2%2Fmedia&parent=1800"}],"wp:term":[{"taxonomy":"category","embeddable":true,"href":"https:\/\/www.mfoto.es\/noticias\/index.php?rest_route=%2Fwp%2Fv2%2Fcategories&post=1800"},{"taxonomy":"post_tag","embeddable":true,"href":"https:\/\/www.mfoto.es\/noticias\/index.php?rest_route=%2Fwp%2Fv2%2Ftags&post=1800"}],"curies":[{"name":"wp","href":"https:\/\/api.w.org\/{rel}","templated":true}]}}