{"id":1786,"date":"2012-08-28T15:14:35","date_gmt":"2012-08-28T14:14:35","guid":{"rendered":"http:\/\/www.mfoto.es\/noticias\/?p=1786"},"modified":"2012-08-28T22:01:25","modified_gmt":"2012-08-28T21:01:25","slug":"hevia-gana-un-duro-rallye-de-ferrol","status":"publish","type":"post","link":"https:\/\/www.mfoto.es\/noticias\/?p=1786","title":{"rendered":"Hevia gana un duro Rallye de Ferrol"},"content":{"rendered":"<p><img loading=\"lazy\" decoding=\"async\" class=\"alignleft\" src=\"https:\/\/www.mfoto.es\/logos\/foto.gif\" alt=\"\" width=\"50\" height=\"36\" \/><\/p>\n<p><strong><a href=\"https:\/\/www.mfoto.es\/fotos\/2012\/022_ferrol\/\">FOTOS RALLYE DE FERROL<\/a><\/strong><\/p>\n<p><img loading=\"lazy\" decoding=\"async\" class=\"alignnone size-full wp-image-1787\" title=\"041_hevia_ferrol\" src=\"https:\/\/www.mfoto.es\/noticias\/wp-content\/uploads_2012\/041_hevia_ferrol.jpg\" alt=\"\" width=\"450\" height=\"300\" srcset=\"https:\/\/www.mfoto.es\/noticias\/wp-content\/uploads_2012\/041_hevia_ferrol.jpg 450w, https:\/\/www.mfoto.es\/noticias\/wp-content\/uploads_2012\/041_hevia_ferrol-300x200.jpg 300w\" sizes=\"auto, (max-width: 450px) 100vw, 450px\" \/><\/p>\n<p>Tras liderar los hermanos Vallejo en los dos primeros tramos con el Porsche GT3, Alberto Hevia, que estrenaba copiloto, se pon\u00eda en cabeza de la clasificaci\u00f3n en el Rallye de Ferrol y manten\u00eda la posici\u00f3n hasta el final. Vallejo pinchaba en Monfero a falta de dos tramos y se hund\u00eda en la clasificaci\u00f3n. La segunda plaza era para los locales Jose Antonio Iglesias y Jacobo Nu\u00f1ez con un Mitsubishi Evo X y la tercera plaza era para Miguel Fuster con el Porsche GT3 que se llevaba unos valiosos puntos de cara al campeonato.<\/p>\n<p>En la Copa Suzuki Swift venc\u00eda Marcos Rodr\u00edguez, el Trofeo Suzuki lo ganaba el c\u00e1ntabro Daniel Mart\u00ednez y la Mitsubishi EVO Cup era encabezada por el gallego Luis Vilari\u00f1o.<\/p>\n<p>La prueba era terminada por 35 equipos de los 54 que tomaron la salida.<\/p>\n<p><em>Clasificaci\u00f3n:<\/em><br \/>\n1\u00ba Hevia-Alvarez (Skoda Fabia S2000) 1:39:23.8<br \/>\n2\u00ba Iglesias-N\u00fa\u00f1ez (Mitsubishi EVO X) a 1:23.0<br \/>\n3\u00ba Fuster-Avi\u00f1\u00f3 (Porsche 997 GT3) a 2:09.1<br \/>\n4\u00ba Ares-Pintor (Porsche 997 GT3) a 2:55.1<br \/>\n5\u00ba Pais-Pais (Mitsubishi EVO X) a 3:05.3<\/p>\n","protected":false},"excerpt":{"rendered":"<p>FOTOS RALLYE DE FERROL Tras liderar los hermanos Vallejo en los dos primeros tramos con el Porsche GT3, Alberto Hevia, que estrenaba copiloto, se pon\u00eda en cabeza de la clasificaci\u00f3n en el Rallye de Ferrol y manten\u00eda la posici\u00f3n hasta el final. Vallejo pinchaba en Monfero a falta de dos tramos y se hund\u00eda en [&hellip;]<\/p>\n","protected":false},"author":1,"featured_media":0,"comment_status":"closed","ping_status":"closed","sticky":false,"template":"","format":"standard","meta":{"footnotes":""},"categories":[68,64,69,5,4],"tags":[],"class_list":["post-1786","post","type-post","status-publish","format-standard","hentry","category-fuster","category-galicia","category-hevia","category-nacional","category-rallyes"],"_links":{"self":[{"href":"https:\/\/www.mfoto.es\/noticias\/index.php?rest_route=\/wp\/v2\/posts\/1786","targetHints":{"allow":["GET"]}}],"collection":[{"href":"https:\/\/www.mfoto.es\/noticias\/index.php?rest_route=\/wp\/v2\/posts"}],"about":[{"href":"https:\/\/www.mfoto.es\/noticias\/index.php?rest_route=\/wp\/v2\/types\/post"}],"author":[{"embeddable":true,"href":"https:\/\/www.mfoto.es\/noticias\/index.php?rest_route=\/wp\/v2\/users\/1"}],"replies":[{"embeddable":true,"href":"https:\/\/www.mfoto.es\/noticias\/index.php?rest_route=%2Fwp%2Fv2%2Fcomments&post=1786"}],"version-history":[{"count":3,"href":"https:\/\/www.mfoto.es\/noticias\/index.php?rest_route=\/wp\/v2\/posts\/1786\/revisions"}],"predecessor-version":[{"id":1791,"href":"https:\/\/www.mfoto.es\/noticias\/index.php?rest_route=\/wp\/v2\/posts\/1786\/revisions\/1791"}],"wp:attachment":[{"href":"https:\/\/www.mfoto.es\/noticias\/index.php?rest_route=%2Fwp%2Fv2%2Fmedia&parent=1786"}],"wp:term":[{"taxonomy":"category","embeddable":true,"href":"https:\/\/www.mfoto.es\/noticias\/index.php?rest_route=%2Fwp%2Fv2%2Fcategories&post=1786"},{"taxonomy":"post_tag","embeddable":true,"href":"https:\/\/www.mfoto.es\/noticias\/index.php?rest_route=%2Fwp%2Fv2%2Ftags&post=1786"}],"curies":[{"name":"wp","href":"https:\/\/api.w.org\/{rel}","templated":true}]}}