{"id":1738,"date":"2012-06-24T16:49:20","date_gmt":"2012-06-24T15:49:20","guid":{"rendered":"http:\/\/www.mfoto.es\/noticias\/?p=1738"},"modified":"2012-06-25T15:53:14","modified_gmt":"2012-06-25T14:53:14","slug":"xabier-lujua-gana-el-rallye-balcon-de-bizkaia","status":"publish","type":"post","link":"https:\/\/www.mfoto.es\/noticias\/?p=1738","title":{"rendered":"Xabier Lujua gana el Rallye Balc\u00f3n de Bizkaia"},"content":{"rendered":"<p><img loading=\"lazy\" decoding=\"async\" class=\"alignleft\" src=\"https:\/\/www.mfoto.es\/logos\/foto.gif\" alt=\"\" width=\"50\" height=\"36\" \/><\/p>\n<p><strong><a href=\"https:\/\/www.mfoto.es\/fotos\/2012\/017_balcon_bizkaia\/\">FOTOS RALLYE BALCON DE BIZKAIA<\/a><\/strong><\/p>\n<p><img loading=\"lazy\" decoding=\"async\" class=\"alignnone size-full wp-image-1739\" title=\"033_lujua_balcon_bizkaia\" src=\"https:\/\/www.mfoto.es\/noticias\/wp-content\/uploads_2012\/033_lujua_balcon_bizkaia.jpg\" alt=\"\" width=\"450\" height=\"300\" srcset=\"https:\/\/www.mfoto.es\/noticias\/wp-content\/uploads_2012\/033_lujua_balcon_bizkaia.jpg 450w, https:\/\/www.mfoto.es\/noticias\/wp-content\/uploads_2012\/033_lujua_balcon_bizkaia-300x200.jpg 300w\" sizes=\"auto, (max-width: 450px) 100vw, 450px\" \/><\/p>\n<p>Xabier Lujua y Jes\u00fas Estrada\u00a0 se impon\u00edan con comodidad en el Rallye Balc\u00f3n de Bizkaia, que puntuaba para los Campeonatos Bizkaino y Vasco de Rallyes, con su Mitsubishi EVO X, ganando los diez tramos cronometrados de la prueba.<\/p>\n<p>La segunda posici\u00f3n era para Aingeru y Angel Castro con BMW M3 a 1:46.7, tras el abandono del Mitsubishi de Tarsicio con problemas de transmisi\u00f3n a falta de un tramo y la tercera plaza era para Gorka Antxustegi y Xabat Urresti con un Peugeot 205 Rallye a 1:56.3, liderando la clasificaci\u00f3n FL.<\/p>\n<p>En el estreno de la Copa Abarth Punto Evo, los ganadores eran los hermanos Txutxi y Alejandro P\u00e9rez que aventajaron en 12.1 segundos a Aitor Saizar y Gorka Aguinaga.<\/p>\n<p>Por clases los ganadores eran Joseba Aldaz con Peugeot 205 Rallye en clase 1, Xabat Arrate con Citroen Saxo VTS en clase 2, Iban Orbe con Renault Clio Williams en clase 3, Aingeru Castro con BMW M3 en clase 4, Jon Zalloetxebarria con Ford Sierra Cosworth en clase 5, Xabier Lujua con Mitsubishi EVO X en clase 6, Jose Javier Aguinaga con Seat 124 en la clase 9 de veh\u00edculos hist\u00f3ricos y Gorka Antxustegi con Peugeot 205 Rallye en la clase 10 de F\u00f3rmula Libre.<\/p>\n<p>En el Rallye Balc\u00f3n de Bizkaia tomaron la salida 67 equipos de los que terminaron 39 y otros 28 debieron abandonar por diferentes motivos.<\/p>\n<p><em>Clasificaci\u00f3n:<\/em><br \/>\n1\u00ba Lujua-Estrada (Mitsubishi Evo X) 40:06.3<br \/>\n2\u00ba Castro-Castro (BMW M3 E30) a 1:46.7<br \/>\nFL Antxustegi-Urresti (Peugeot 205 Rallye) a 1:56.3<br \/>\n3\u00ba Learreta-Mu\u00f1oz (Nissan 350 Z) a 3:09.9<br \/>\n4\u00ba Arrate-Bereziartua (Citroen Saxo VTS) a 3:14.2<br \/>\n5\u00ba Zuazua-Artetxe (Citroen Saxo VTS) a 3:27.2<\/p>\n<p>&nbsp;<\/p>\n","protected":false},"excerpt":{"rendered":"<p>FOTOS RALLYE BALCON DE BIZKAIA Xabier Lujua y Jes\u00fas Estrada\u00a0 se impon\u00edan con comodidad en el Rallye Balc\u00f3n de Bizkaia, que puntuaba para los Campeonatos Bizkaino y Vasco de Rallyes, con su Mitsubishi EVO X, ganando los diez tramos cronometrados de la prueba. La segunda posici\u00f3n era para Aingeru y Angel Castro con BMW M3 [&hellip;]<\/p>\n","protected":false},"author":1,"featured_media":0,"comment_status":"closed","ping_status":"closed","sticky":false,"template":"","format":"standard","meta":{"footnotes":""},"categories":[51,9,58,6,54,4],"tags":[],"class_list":["post-1738","post","type-post","status-publish","format-standard","hentry","category-antxustegi","category-bizkaia","category-castro","category-euskadi","category-lujua","category-rallyes"],"_links":{"self":[{"href":"https:\/\/www.mfoto.es\/noticias\/index.php?rest_route=\/wp\/v2\/posts\/1738","targetHints":{"allow":["GET"]}}],"collection":[{"href":"https:\/\/www.mfoto.es\/noticias\/index.php?rest_route=\/wp\/v2\/posts"}],"about":[{"href":"https:\/\/www.mfoto.es\/noticias\/index.php?rest_route=\/wp\/v2\/types\/post"}],"author":[{"embeddable":true,"href":"https:\/\/www.mfoto.es\/noticias\/index.php?rest_route=\/wp\/v2\/users\/1"}],"replies":[{"embeddable":true,"href":"https:\/\/www.mfoto.es\/noticias\/index.php?rest_route=%2Fwp%2Fv2%2Fcomments&post=1738"}],"version-history":[{"count":4,"href":"https:\/\/www.mfoto.es\/noticias\/index.php?rest_route=\/wp\/v2\/posts\/1738\/revisions"}],"predecessor-version":[{"id":1743,"href":"https:\/\/www.mfoto.es\/noticias\/index.php?rest_route=\/wp\/v2\/posts\/1738\/revisions\/1743"}],"wp:attachment":[{"href":"https:\/\/www.mfoto.es\/noticias\/index.php?rest_route=%2Fwp%2Fv2%2Fmedia&parent=1738"}],"wp:term":[{"taxonomy":"category","embeddable":true,"href":"https:\/\/www.mfoto.es\/noticias\/index.php?rest_route=%2Fwp%2Fv2%2Fcategories&post=1738"},{"taxonomy":"post_tag","embeddable":true,"href":"https:\/\/www.mfoto.es\/noticias\/index.php?rest_route=%2Fwp%2Fv2%2Ftags&post=1738"}],"curies":[{"name":"wp","href":"https:\/\/api.w.org\/{rel}","templated":true}]}}