{"id":1730,"date":"2012-06-20T21:28:42","date_gmt":"2012-06-20T20:28:42","guid":{"rendered":"http:\/\/www.mfoto.es\/noticias\/?p=1730"},"modified":"2012-06-20T21:31:10","modified_gmt":"2012-06-20T20:31:10","slug":"suerte-diversa-para-los-pilotos-vascos-en-el-rallye-de-ourense","status":"publish","type":"post","link":"https:\/\/www.mfoto.es\/noticias\/?p=1730","title":{"rendered":"Suerte diversa para los pilotos vascos en el Rallye de Ourense"},"content":{"rendered":"<p><img loading=\"lazy\" decoding=\"async\" class=\"alignleft\" src=\"https:\/\/www.mfoto.es\/logos\/foto.gif\" alt=\"\" width=\"50\" height=\"36\" \/><\/p>\n<p><strong><a href=\"https:\/\/www.mfoto.es\/fotos\/2012\/016_ourense\/\">FOTOS RALLYE DE OURENSE<\/a><\/strong><\/p>\n<p><img loading=\"lazy\" decoding=\"async\" class=\"alignnone size-full wp-image-1731\" title=\"032_izagirre_ourense\" src=\"https:\/\/www.mfoto.es\/noticias\/wp-content\/uploads_2012\/032_izagirre_ourense.jpg\" alt=\"\" width=\"450\" height=\"300\" srcset=\"https:\/\/www.mfoto.es\/noticias\/wp-content\/uploads_2012\/032_izagirre_ourense.jpg 450w, https:\/\/www.mfoto.es\/noticias\/wp-content\/uploads_2012\/032_izagirre_ourense-300x200.jpg 300w\" sizes=\"auto, (max-width: 450px) 100vw, 450px\" \/><\/p>\n<p>De los tres equipos vascos presentes en el Rallye de Ourense, s\u00f3lo terminaron la prueba la pareja\u00a0 formada por Igor Izagirre y Angel Ruiz con el Suzuki Swift Sport, en la vig\u00e9simotercera plaza de la clasificaci\u00f3n general y en la s\u00e9ptima posici\u00f3n de la Copa Suzuki Swift.<\/p>\n<p>Gorka Antxustegi sufri\u00f3 una leve salida de carretera con el Suzuki Swift S1600 y aunque el veh\u00edculo no ten\u00eda da\u00f1os, no consigui\u00f3 sacarlo a la carretera para continuar. En esos momentos estaba en la und\u00e9cima plaza de la clasificaci\u00f3n y segundo en la categor\u00eda de dos ruedas motrices.<\/p>\n<p>Ricardo Echave y Joanes Goitisolo no tomaron la salida el s\u00e1bado, tras perder mucho tiempo con su Suzuki Swift en el tramo espect\u00e1culo del viernes.<\/p>\n<p><em>Clasificaci\u00f3n:<\/em><br \/>\n1\u00ba Fuster-Avi\u00f1\u00f3 (Porsche 911 GT3) 2:15:23.2<br \/>\n2\u00ba Pons-Juli\u00e1 (Ford Fiesta N1) a 1:24.6<br \/>\n3\u00ba Senra-V\u00e1zquez (Mitsubishi Evo X) a 1:55.0<br \/>\n4\u00ba Hevia-Iglesias (Skoda Fabia S2000) 1:55.2<br \/>\n5\u00ba Vallejo-Vallejo (Porsche 911 GT3) a 2:35.7<br \/>\n&#8212;&#8212;&#8212;&#8212;&#8212;&#8212;&#8212;&#8212;&#8212;&#8212;&#8212;&#8212;&#8212;&#8212;&#8212;&#8212;-<br \/>\n<strong>23\u00ba Izagirre-Ruiz (Suzuki Swift Sport) a 24:31.0<\/strong><br \/>\n<strong>&#8212;&#8212;&#8212;&#8212;&#8212;&#8212;&#8212;&#8212;&#8212;&#8212;&#8212;&#8212;&#8212;&#8212;&#8212;&#8212;-<\/strong><br \/>\n<strong>Antxustegi-Su\u00e1rez (Suzuki Swift S1600) retirado<\/strong><br \/>\n<strong>&#8212;&#8212;&#8212;&#8212;&#8212;&#8212;&#8212;&#8212;&#8212;&#8212;&#8212;&#8212;&#8212;&#8212;&#8212;&#8212;-<\/strong><br \/>\n<strong>Echave-Goitisolo (Suzuki Swift Sport) retirado<\/strong><\/p>\n","protected":false},"excerpt":{"rendered":"<p>FOTOS RALLYE DE OURENSE De los tres equipos vascos presentes en el Rallye de Ourense, s\u00f3lo terminaron la prueba la pareja\u00a0 formada por Igor Izagirre y Angel Ruiz con el Suzuki Swift Sport, en la vig\u00e9simotercera plaza de la clasificaci\u00f3n general y en la s\u00e9ptima posici\u00f3n de la Copa Suzuki Swift. Gorka Antxustegi sufri\u00f3 una [&hellip;]<\/p>\n","protected":false},"author":1,"featured_media":0,"comment_status":"closed","ping_status":"closed","sticky":false,"template":"","format":"standard","meta":{"footnotes":""},"categories":[51,62,64,5,4],"tags":[],"class_list":["post-1730","post","type-post","status-publish","format-standard","hentry","category-antxustegi","category-echave","category-galicia","category-nacional","category-rallyes"],"_links":{"self":[{"href":"https:\/\/www.mfoto.es\/noticias\/index.php?rest_route=\/wp\/v2\/posts\/1730","targetHints":{"allow":["GET"]}}],"collection":[{"href":"https:\/\/www.mfoto.es\/noticias\/index.php?rest_route=\/wp\/v2\/posts"}],"about":[{"href":"https:\/\/www.mfoto.es\/noticias\/index.php?rest_route=\/wp\/v2\/types\/post"}],"author":[{"embeddable":true,"href":"https:\/\/www.mfoto.es\/noticias\/index.php?rest_route=\/wp\/v2\/users\/1"}],"replies":[{"embeddable":true,"href":"https:\/\/www.mfoto.es\/noticias\/index.php?rest_route=%2Fwp%2Fv2%2Fcomments&post=1730"}],"version-history":[{"count":5,"href":"https:\/\/www.mfoto.es\/noticias\/index.php?rest_route=\/wp\/v2\/posts\/1730\/revisions"}],"predecessor-version":[{"id":1736,"href":"https:\/\/www.mfoto.es\/noticias\/index.php?rest_route=\/wp\/v2\/posts\/1730\/revisions\/1736"}],"wp:attachment":[{"href":"https:\/\/www.mfoto.es\/noticias\/index.php?rest_route=%2Fwp%2Fv2%2Fmedia&parent=1730"}],"wp:term":[{"taxonomy":"category","embeddable":true,"href":"https:\/\/www.mfoto.es\/noticias\/index.php?rest_route=%2Fwp%2Fv2%2Fcategories&post=1730"},{"taxonomy":"post_tag","embeddable":true,"href":"https:\/\/www.mfoto.es\/noticias\/index.php?rest_route=%2Fwp%2Fv2%2Ftags&post=1730"}],"curies":[{"name":"wp","href":"https:\/\/api.w.org\/{rel}","templated":true}]}}